{"id":22720,"date":"2022-07-28T15:35:15","date_gmt":"2022-07-28T15:35:15","guid":{"rendered":"https:\/\/www.elpolitologoyelpolitico.com.ar\/wordpress\/?p=22720"},"modified":"2022-07-28T15:35:41","modified_gmt":"2022-07-28T15:35:41","slug":"segmentacion-energetica-el-municipio-de-patagones-acompanara-a-los-vecinos-en-la-inscripcion","status":"publish","type":"post","link":"https:\/\/www.elpolitologoyelpolitico.com.ar\/wordpress\/2022\/07\/28\/segmentacion-energetica-el-municipio-de-patagones-acompanara-a-los-vecinos-en-la-inscripcion\/","title":{"rendered":"Segmentaci\u00f3n energ\u00e9tica; El Municipio de Patagones acompa\u00f1ar\u00e1 a los vecinos en la inscripci\u00f3n"},"content":{"rendered":"\n<p>Ante la finalizaci\u00f3n del plazo para poder inscribirse en el Registro de Acceso a los Subsidios de Energ\u00eda, el pr\u00f3ximo 31 de julio, la Municipalidad de Patagones, brindar\u00e1 a partir de hoy, jueves 28, asesoramiento y acompa\u00f1amiento a los vecinos que a\u00fan no hayan logrado completar el formulario.<\/p>\n\n\n\n<p>En este sentido, en el Punto Digital del barrio Villa Rita, ubicado en calles Bigu\u00e1 y Ocampo, personal municipal atender\u00e1 los d\u00edas jueves y viernes de 8 a 12 horas, y s\u00e1bado y domingo de 9 a 13 horas a todos los vecinos que quieran realizar el tr\u00e1mite.<\/p>\n<div class=\"fb-background-color\">\n\t\t\t  <div \n\t\t\t  \tclass = \"fb-comments\" \n\t\t\t  \tdata-href = \"https:\/\/www.elpolitologoyelpolitico.com.ar\/wordpress\/2022\/07\/28\/segmentacion-energetica-el-municipio-de-patagones-acompanara-a-los-vecinos-en-la-inscripcion\/\"\n\t\t\t  \tdata-numposts = \"10\"\n\t\t\t  \tdata-lazy = \"true\"\n\t\t\t\tdata-colorscheme = \"light\"\n\t\t\t\tdata-order-by = \"social\"\n\t\t\t\tdata-mobile=true>\n\t\t\t  <\/div><\/div>\n\t\t  <style>\n\t\t    .fb-background-color {\n\t\t\t\tbackground: #ffffff !important;\n\t\t\t}\n\t\t\t.fb_iframe_widget_fluid_desktop iframe {\n\t\t\t    width: 100% !important;\n\t\t\t}\n\t\t  <\/style>\n\t\t  ","protected":false},"excerpt":{"rendered":"<p>Ante la finalizaci\u00f3n del plazo para poder inscribirse en el Registro de Acceso a los Subsidios de Energ\u00eda, el pr\u00f3ximo 31 de julio, la Municipalidad de Patagones, brindar\u00e1 a partir de hoy, jueves 28, asesoramiento y acompa\u00f1amiento a los vecinos que a\u00fan no hayan logrado completar el formulario. En este sentido, en el Punto Digital [&hellip;]<\/p>\n","protected":false},"author":4,"featured_media":22721,"comment_status":"closed","ping_status":"closed","sticky":false,"template":"","format":"standard","meta":{"_joinchat":[],"footnotes":""},"categories":[39],"tags":[],"class_list":["post-22720","post","type-post","status-publish","format-standard","has-post-thumbnail","hentry","category-en-esta-seccion"],"_links":{"self":[{"href":"https:\/\/www.elpolitologoyelpolitico.com.ar\/wordpress\/wp-json\/wp\/v2\/posts\/22720","targetHints":{"allow":["GET"]}}],"collection":[{"href":"https:\/\/www.elpolitologoyelpolitico.com.ar\/wordpress\/wp-json\/wp\/v2\/posts"}],"about":[{"href":"https:\/\/www.elpolitologoyelpolitico.com.ar\/wordpress\/wp-json\/wp\/v2\/types\/post"}],"author":[{"embeddable":true,"href":"https:\/\/www.elpolitologoyelpolitico.com.ar\/wordpress\/wp-json\/wp\/v2\/users\/4"}],"replies":[{"embeddable":true,"href":"https:\/\/www.elpolitologoyelpolitico.com.ar\/wordpress\/wp-json\/wp\/v2\/comments?post=22720"}],"version-history":[{"count":0,"href":"https:\/\/www.elpolitologoyelpolitico.com.ar\/wordpress\/wp-json\/wp\/v2\/posts\/22720\/revisions"}],"wp:featuredmedia":[{"embeddable":true,"href":"https:\/\/www.elpolitologoyelpolitico.com.ar\/wordpress\/wp-json\/wp\/v2\/media\/22721"}],"wp:attachment":[{"href":"https:\/\/www.elpolitologoyelpolitico.com.ar\/wordpress\/wp-json\/wp\/v2\/media?parent=22720"}],"wp:term":[{"taxonomy":"category","embeddable":true,"href":"https:\/\/www.elpolitologoyelpolitico.com.ar\/wordpress\/wp-json\/wp\/v2\/categories?post=22720"},{"taxonomy":"post_tag","embeddable":true,"href":"https:\/\/www.elpolitologoyelpolitico.com.ar\/wordpress\/wp-json\/wp\/v2\/tags?post=22720"}],"curies":[{"name":"wp","href":"https:\/\/api.w.org\/{rel}","templated":true}]}}