{"id":22716,"date":"2022-07-28T02:14:31","date_gmt":"2022-07-28T02:14:31","guid":{"rendered":"https:\/\/www.elpolitologoyelpolitico.com.ar\/wordpress\/?p=22716"},"modified":"2022-07-28T02:15:02","modified_gmt":"2022-07-28T02:15:02","slug":"dardo-etchepare-es-el-nuevo-coordinador-deportivo-del-club-atenas","status":"publish","type":"post","link":"https:\/\/www.elpolitologoyelpolitico.com.ar\/wordpress\/2022\/07\/28\/dardo-etchepare-es-el-nuevo-coordinador-deportivo-del-club-atenas\/","title":{"rendered":"Dardo Etchepare es el nuevo Coordinador Deportivo del Club Atenas"},"content":{"rendered":"\n<p>La Comisi\u00f3n Directiva del Club Atl\u00e9tico Atenas incorpor\u00f3 en las \u00faltimas horas al entrenador Dardo Etchepare, quien ser\u00e1 el Coordinador Deportivo de la instituci\u00f3n.<\/p>\n\n\n\n<p>El entrenador Dardo Etchepare, de larga trayectoria, lleg\u00f3 a Atenas, por primera vez, en marzo del 86, y permaneci\u00f3 en la instituci\u00f3n por mas de 20 a\u00f1os, dem\u00e1s ha sido entrenador en otras instituciones deportivas de la Comarca como Jorge Newbery y San Martin, y en la provincia de Rio Negro, en Deportivo Roca.<\/p>\n\n\n\n<p>Entrenador de selecciones que participaron en Juegos de la Araucan\u00eda y Epade. Actualmente es el Subsecretario de Deporte Comunitario de la Provincia de Rio Negro.<\/p>\n\n\n\n<p>El Presidente de la instituci\u00f3n Julio Fiori, al t\u00e9rmino de la reuni\u00f3n con Etchepare. manifestaba: \u201cHacia tiempo que busc\u00e1bamos un Coordinador Deportivo, para poder unificar criterios deportivos con los entrenadores y seguir una l\u00ednea. Dardo ha estado muchos a\u00f1os en Atenas, nos conocemos y se ofreci\u00f3 a colaborar con el Club, creo que en un momento oportuno\u201d. Dardo llega para aportar su amplia experiencia y su conocimiento, para el crecimiento del b\u00e1squet griego.<\/p>\n\n\n\n<p>Dardo remarc\u00f3 la importancia de trabajar en equipo, buscando el fortalecimiento de la identidad basquetbolista que Atenas siempre ha tenido. \u201c\u00c9ste es el sentido de mi llegada, devolver un poco, cuando la gente dice volv\u00ed a mi casa, yo siento que \u00e9ste es un lugar donde estuve mucho tiempo y si en este momento hay una necesidad yo quiero tomar \u00e9ste compromiso. Yo he estado en otros clubes y siempre lo he dicho, yo soy de Atenas\u201d.<\/p>\n\n\n\n<p>Etchepare asumi\u00f3 \u00e9sta responsabilidad y expresaba: \u201cCreo que en la vida uno tiene que devolver, de todo lo que ha recibido, yo estuve muchos a\u00f1os ac\u00e1 y l\u00f3gicamente \u00e9ste es mi club, lo siento como tal, me siento parte de esta instituci\u00f3n, los a\u00f1os no pasaron de gusto y he vivido much\u00edsimas cosas important\u00edsimas y hermosas ac\u00e1, tambi\u00e9n en Patagones que me ha dado la posibilidad de criar a mis hijos. Hoy siento que es el momento de devolver\u201d.<\/p>\n\n\n\n<p>Cabe destacar que Dardo Etchepare asumi\u00f3 el compromiso de colaborar con Atenas y comienza la actividad hoy, entrevist\u00e1ndose con los profesores de todas las categor\u00edas.<\/p>\n<div class=\"fb-background-color\">\n\t\t\t  <div \n\t\t\t  \tclass = \"fb-comments\" \n\t\t\t  \tdata-href = \"https:\/\/www.elpolitologoyelpolitico.com.ar\/wordpress\/2022\/07\/28\/dardo-etchepare-es-el-nuevo-coordinador-deportivo-del-club-atenas\/\"\n\t\t\t  \tdata-numposts = \"10\"\n\t\t\t  \tdata-lazy = \"true\"\n\t\t\t\tdata-colorscheme = \"light\"\n\t\t\t\tdata-order-by = \"social\"\n\t\t\t\tdata-mobile=true>\n\t\t\t  <\/div><\/div>\n\t\t  <style>\n\t\t    .fb-background-color {\n\t\t\t\tbackground: #ffffff !important;\n\t\t\t}\n\t\t\t.fb_iframe_widget_fluid_desktop iframe {\n\t\t\t    width: 100% !important;\n\t\t\t}\n\t\t  <\/style>\n\t\t  ","protected":false},"excerpt":{"rendered":"<p>La Comisi\u00f3n Directiva del Club Atl\u00e9tico Atenas incorpor\u00f3 en las \u00faltimas horas al entrenador Dardo Etchepare, quien ser\u00e1 el Coordinador Deportivo de la instituci\u00f3n. El entrenador Dardo Etchepare, de larga trayectoria, lleg\u00f3 a Atenas, por primera vez, en marzo del 86, y permaneci\u00f3 en la instituci\u00f3n por mas de 20 a\u00f1os, dem\u00e1s ha sido entrenador [&hellip;]<\/p>\n","protected":false},"author":4,"featured_media":22717,"comment_status":"closed","ping_status":"closed","sticky":false,"template":"","format":"standard","meta":{"_joinchat":[],"footnotes":""},"categories":[39],"tags":[],"class_list":["post-22716","post","type-post","status-publish","format-standard","has-post-thumbnail","hentry","category-en-esta-seccion"],"_links":{"self":[{"href":"https:\/\/www.elpolitologoyelpolitico.com.ar\/wordpress\/wp-json\/wp\/v2\/posts\/22716","targetHints":{"allow":["GET"]}}],"collection":[{"href":"https:\/\/www.elpolitologoyelpolitico.com.ar\/wordpress\/wp-json\/wp\/v2\/posts"}],"about":[{"href":"https:\/\/www.elpolitologoyelpolitico.com.ar\/wordpress\/wp-json\/wp\/v2\/types\/post"}],"author":[{"embeddable":true,"href":"https:\/\/www.elpolitologoyelpolitico.com.ar\/wordpress\/wp-json\/wp\/v2\/users\/4"}],"replies":[{"embeddable":true,"href":"https:\/\/www.elpolitologoyelpolitico.com.ar\/wordpress\/wp-json\/wp\/v2\/comments?post=22716"}],"version-history":[{"count":0,"href":"https:\/\/www.elpolitologoyelpolitico.com.ar\/wordpress\/wp-json\/wp\/v2\/posts\/22716\/revisions"}],"wp:featuredmedia":[{"embeddable":true,"href":"https:\/\/www.elpolitologoyelpolitico.com.ar\/wordpress\/wp-json\/wp\/v2\/media\/22717"}],"wp:attachment":[{"href":"https:\/\/www.elpolitologoyelpolitico.com.ar\/wordpress\/wp-json\/wp\/v2\/media?parent=22716"}],"wp:term":[{"taxonomy":"category","embeddable":true,"href":"https:\/\/www.elpolitologoyelpolitico.com.ar\/wordpress\/wp-json\/wp\/v2\/categories?post=22716"},{"taxonomy":"post_tag","embeddable":true,"href":"https:\/\/www.elpolitologoyelpolitico.com.ar\/wordpress\/wp-json\/wp\/v2\/tags?post=22716"}],"curies":[{"name":"wp","href":"https:\/\/api.w.org\/{rel}","templated":true}]}}