{"id":22712,"date":"2022-07-28T02:04:06","date_gmt":"2022-07-28T02:04:06","guid":{"rendered":"https:\/\/www.elpolitologoyelpolitico.com.ar\/wordpress\/?p=22712"},"modified":"2022-07-28T02:04:51","modified_gmt":"2022-07-28T02:04:51","slug":"destino-viedma-despide-la-temporada-con-dos-visitas-guiadas-gratuitas","status":"publish","type":"post","link":"https:\/\/www.elpolitologoyelpolitico.com.ar\/wordpress\/2022\/07\/28\/destino-viedma-despide-la-temporada-con-dos-visitas-guiadas-gratuitas\/","title":{"rendered":"Destino Viedma despide la temporada con dos visitas guiadas gratuitas"},"content":{"rendered":"\n<p>Este viernes 29 y s\u00e1bado 28 de julio desde las 15hs, el gobierno de Viedma a trav\u00e9s de la Subsecretar\u00eda de Turismo llevar\u00e1 adelante salidas peatonales grupales para que turistas y residentes puedan disfrutar de manera gratuita.<\/p>\n\n\n\n<p>Dos tem\u00e1ticas diferentes para conocer la identidad de Viedma y Carmen de Patagones en sus escenarios reales a trav\u00e9s del proceso de fundaci\u00f3n, la actividad portuaria y la historia reciente con el anuncio del traslado de la capital argentina y la santificaci\u00f3n del enfermero \u00abDon Zatti\u00bb.<\/p>\n\n\n\n<p>Las salidas ser\u00e1n los dos d\u00edas desde las 15hs, partiendo el viernes desde el Puente Ferrocarretero, con la tem\u00e1tica de \u00abProyecto de traslado de la Capital Federal a Viedma y Actividad Portuaria\u00bb.<\/p>\n\n\n\n<p>El s\u00e1bado el recorrido comenzar\u00e1 en la costanera desde la Plazoleta del Fundador, con una charla basada en el \u00abComandante Luis Piedra Buena, Art\u00e9mides Zatti y otras personalidades destacadas\u00bb.<\/p>\n\n\n\n<p>Al respecto, el Subsecretario de Turismo Sergio Rodriguez resalt\u00f3 que \u201cesta propuesta es una actividad que planteamos desde el \u00e1mbito municipal con un recorrido tur\u00edstico basado en la historia y las ra\u00edces de nuestra ciudad, en la cual se destaca la reciente decisi\u00f3n del Vaticano de declarar santo a nuestro beato Art\u00e9mides Zatti \u201d.<\/p>\n<div class=\"fb-background-color\">\n\t\t\t  <div \n\t\t\t  \tclass = \"fb-comments\" \n\t\t\t  \tdata-href = \"https:\/\/www.elpolitologoyelpolitico.com.ar\/wordpress\/2022\/07\/28\/destino-viedma-despide-la-temporada-con-dos-visitas-guiadas-gratuitas\/\"\n\t\t\t  \tdata-numposts = \"10\"\n\t\t\t  \tdata-lazy = \"true\"\n\t\t\t\tdata-colorscheme = \"light\"\n\t\t\t\tdata-order-by = \"social\"\n\t\t\t\tdata-mobile=true>\n\t\t\t  <\/div><\/div>\n\t\t  <style>\n\t\t    .fb-background-color {\n\t\t\t\tbackground: #ffffff !important;\n\t\t\t}\n\t\t\t.fb_iframe_widget_fluid_desktop iframe {\n\t\t\t    width: 100% !important;\n\t\t\t}\n\t\t  <\/style>\n\t\t  ","protected":false},"excerpt":{"rendered":"<p>Este viernes 29 y s\u00e1bado 28 de julio desde las 15hs, el gobierno de Viedma a trav\u00e9s de la Subsecretar\u00eda de Turismo llevar\u00e1 adelante salidas peatonales grupales para que turistas y residentes puedan disfrutar de manera gratuita. Dos tem\u00e1ticas diferentes para conocer la identidad de Viedma y Carmen de Patagones en sus escenarios reales a [&hellip;]<\/p>\n","protected":false},"author":4,"featured_media":22713,"comment_status":"closed","ping_status":"closed","sticky":false,"template":"","format":"standard","meta":{"_joinchat":[],"footnotes":""},"categories":[39],"tags":[],"class_list":["post-22712","post","type-post","status-publish","format-standard","has-post-thumbnail","hentry","category-en-esta-seccion"],"_links":{"self":[{"href":"https:\/\/www.elpolitologoyelpolitico.com.ar\/wordpress\/wp-json\/wp\/v2\/posts\/22712","targetHints":{"allow":["GET"]}}],"collection":[{"href":"https:\/\/www.elpolitologoyelpolitico.com.ar\/wordpress\/wp-json\/wp\/v2\/posts"}],"about":[{"href":"https:\/\/www.elpolitologoyelpolitico.com.ar\/wordpress\/wp-json\/wp\/v2\/types\/post"}],"author":[{"embeddable":true,"href":"https:\/\/www.elpolitologoyelpolitico.com.ar\/wordpress\/wp-json\/wp\/v2\/users\/4"}],"replies":[{"embeddable":true,"href":"https:\/\/www.elpolitologoyelpolitico.com.ar\/wordpress\/wp-json\/wp\/v2\/comments?post=22712"}],"version-history":[{"count":0,"href":"https:\/\/www.elpolitologoyelpolitico.com.ar\/wordpress\/wp-json\/wp\/v2\/posts\/22712\/revisions"}],"wp:featuredmedia":[{"embeddable":true,"href":"https:\/\/www.elpolitologoyelpolitico.com.ar\/wordpress\/wp-json\/wp\/v2\/media\/22713"}],"wp:attachment":[{"href":"https:\/\/www.elpolitologoyelpolitico.com.ar\/wordpress\/wp-json\/wp\/v2\/media?parent=22712"}],"wp:term":[{"taxonomy":"category","embeddable":true,"href":"https:\/\/www.elpolitologoyelpolitico.com.ar\/wordpress\/wp-json\/wp\/v2\/categories?post=22712"},{"taxonomy":"post_tag","embeddable":true,"href":"https:\/\/www.elpolitologoyelpolitico.com.ar\/wordpress\/wp-json\/wp\/v2\/tags?post=22712"}],"curies":[{"name":"wp","href":"https:\/\/api.w.org\/{rel}","templated":true}]}}