{"id":22702,"date":"2022-07-28T00:09:54","date_gmt":"2022-07-28T00:09:54","guid":{"rendered":"https:\/\/www.elpolitologoyelpolitico.com.ar\/wordpress\/?p=22702"},"modified":"2022-07-28T00:14:10","modified_gmt":"2022-07-28T00:14:10","slug":"la-orquesta-filarmonica-presenta-su-espectaculo-infantil-gratuito-pedro-y-el-lobo","status":"publish","type":"post","link":"https:\/\/www.elpolitologoyelpolitico.com.ar\/wordpress\/2022\/07\/28\/la-orquesta-filarmonica-presenta-su-espectaculo-infantil-gratuito-pedro-y-el-lobo\/","title":{"rendered":"La Orquesta Filarm\u00f3nica presenta su espect\u00e1culo infantil gratuito \u201cPedro y el Lobo\u201d"},"content":{"rendered":"\n<p>Con entrada libre y gratuita, este jueves 28 y viernes 29 de julio desde las 20, la Orquesta Filarmonica de R\u00edo Negro recrear\u00e1 el cuento infantil de Pedro y el Lobo en el Centro Municipal de Cultura.<\/p>\n\n\n\n<p>Pedro y el lobo es una adaptaci\u00f3n de 45 minutos del tradicional cuento realizado por el compositor ruso Sergei Prokofiev.<\/p>\n\n\n\n<p>Adem\u00e1s de su encanto como cuento musical, Pedro y el lobo es ideal para el conocimiento de los instrumentos y secciones de una orquesta sinf\u00f3nica, ya que en esta f\u00e1bula musical los instrumentos representan a los animales y a las personas, siendo un espect\u00e1culo \u00fanico e inolvidable tanto para chicos como para grandes.<\/p>\n\n\n\n<p>Para la puesta en escena la orquesta contar\u00e1 con la participaci\u00f3n de la escritora y narradora Balkis Casasola, y la direcci\u00f3n art\u00edstica y musical del Maestro Mart\u00edn Fraile Milstein.<\/p>\n\n\n\n<p>Estas presentaciones son llevadas adelante entre el gobierno de Viedma y la Secretar\u00eda de Estado de Cultura y a trav\u00e9s de diferentes acuerdos de colaboraci\u00f3n firmados durante el 2022.<\/p>\n\n\n\n<p>La Orquesta Filarm\u00f3nica de R\u00edo Negro junto a sus 11 ensambles regionales distribuidos por toda la provincia son organismos dependientes de la Secretar\u00eda de Estado de Cultura de R\u00edo Negro.<\/p>\n<div class=\"fb-background-color\">\n\t\t\t  <div \n\t\t\t  \tclass = \"fb-comments\" \n\t\t\t  \tdata-href = \"https:\/\/www.elpolitologoyelpolitico.com.ar\/wordpress\/2022\/07\/28\/la-orquesta-filarmonica-presenta-su-espectaculo-infantil-gratuito-pedro-y-el-lobo\/\"\n\t\t\t  \tdata-numposts = \"10\"\n\t\t\t  \tdata-lazy = \"true\"\n\t\t\t\tdata-colorscheme = \"light\"\n\t\t\t\tdata-order-by = \"social\"\n\t\t\t\tdata-mobile=true>\n\t\t\t  <\/div><\/div>\n\t\t  <style>\n\t\t    .fb-background-color {\n\t\t\t\tbackground: #ffffff !important;\n\t\t\t}\n\t\t\t.fb_iframe_widget_fluid_desktop iframe {\n\t\t\t    width: 100% !important;\n\t\t\t}\n\t\t  <\/style>\n\t\t  ","protected":false},"excerpt":{"rendered":"<p>Con entrada libre y gratuita, este jueves 28 y viernes 29 de julio desde las 20, la Orquesta Filarmonica de R\u00edo Negro recrear\u00e1 el cuento infantil de Pedro y el Lobo en el Centro Municipal de Cultura. Pedro y el lobo es una adaptaci\u00f3n de 45 minutos del tradicional cuento realizado por el compositor ruso [&hellip;]<\/p>\n","protected":false},"author":4,"featured_media":22703,"comment_status":"closed","ping_status":"closed","sticky":false,"template":"","format":"standard","meta":{"_joinchat":[],"footnotes":""},"categories":[39],"tags":[],"class_list":["post-22702","post","type-post","status-publish","format-standard","has-post-thumbnail","hentry","category-en-esta-seccion"],"_links":{"self":[{"href":"https:\/\/www.elpolitologoyelpolitico.com.ar\/wordpress\/wp-json\/wp\/v2\/posts\/22702","targetHints":{"allow":["GET"]}}],"collection":[{"href":"https:\/\/www.elpolitologoyelpolitico.com.ar\/wordpress\/wp-json\/wp\/v2\/posts"}],"about":[{"href":"https:\/\/www.elpolitologoyelpolitico.com.ar\/wordpress\/wp-json\/wp\/v2\/types\/post"}],"author":[{"embeddable":true,"href":"https:\/\/www.elpolitologoyelpolitico.com.ar\/wordpress\/wp-json\/wp\/v2\/users\/4"}],"replies":[{"embeddable":true,"href":"https:\/\/www.elpolitologoyelpolitico.com.ar\/wordpress\/wp-json\/wp\/v2\/comments?post=22702"}],"version-history":[{"count":0,"href":"https:\/\/www.elpolitologoyelpolitico.com.ar\/wordpress\/wp-json\/wp\/v2\/posts\/22702\/revisions"}],"wp:featuredmedia":[{"embeddable":true,"href":"https:\/\/www.elpolitologoyelpolitico.com.ar\/wordpress\/wp-json\/wp\/v2\/media\/22703"}],"wp:attachment":[{"href":"https:\/\/www.elpolitologoyelpolitico.com.ar\/wordpress\/wp-json\/wp\/v2\/media?parent=22702"}],"wp:term":[{"taxonomy":"category","embeddable":true,"href":"https:\/\/www.elpolitologoyelpolitico.com.ar\/wordpress\/wp-json\/wp\/v2\/categories?post=22702"},{"taxonomy":"post_tag","embeddable":true,"href":"https:\/\/www.elpolitologoyelpolitico.com.ar\/wordpress\/wp-json\/wp\/v2\/tags?post=22702"}],"curies":[{"name":"wp","href":"https:\/\/api.w.org\/{rel}","templated":true}]}}