{"id":22695,"date":"2022-07-27T23:27:28","date_gmt":"2022-07-27T23:27:28","guid":{"rendered":"https:\/\/www.elpolitologoyelpolitico.com.ar\/wordpress\/?p=22695"},"modified":"2022-07-27T23:30:02","modified_gmt":"2022-07-27T23:30:02","slug":"zara-recorrio-y-superviso-las-obras-de-urbanizacion-en-villa-del-carmen","status":"publish","type":"post","link":"https:\/\/www.elpolitologoyelpolitico.com.ar\/wordpress\/2022\/07\/27\/zara-recorrio-y-superviso-las-obras-de-urbanizacion-en-villa-del-carmen\/","title":{"rendered":"Zara recorri\u00f3 y supervis\u00f3 las obras de urbanizaci\u00f3n en Villa del Carmen"},"content":{"rendered":"\n<p>El Intendente de Patagones, Ing. Jos\u00e9 Luis Zara, junto a funcionarios de su gabinete, realiz\u00f3 una recorrida por el Villa del Carmen, a fin de supervisar el estado de avance de las obras de urbanizaci\u00f3n que se llevan adelante en el barrio.<\/p>\n\n\n\n<p>Acompa\u00f1aron al jefe comunal, el secretario de Obras P\u00fablicas, Ing. Jorge Isaac, el Subsecretario de la misma \u00e1rea, Arq. Roberto Haure, el Subsecretario de Planificaci\u00f3n y Patrimonio Hist\u00f3rico, Juan Carlos Ricca, el Secretario de Gobierno, Daniel Paredes, el Secretario de Hacienda, Ricardo Teller\u00eda y el Coordinador de Obras y Proyectos Socio Urbanos, Ing. Jos\u00e9 Luis Canencia.<\/p>\n\n\n\n<p>Adem\u00e1s, estuvieron presentes la Presidenta de la comisi\u00f3n de fomento, Vanesa Seguel y el Presidente del club de dicho barrio, Sergio L\u00f3pez.<\/p>\n\n\n\n<p>Durante su recorrida Zara pudo observar el avance de las distintas obras, tales como, el SUM, el cord\u00f3n cuneta, las veredas, el tendido el\u00e9ctrico, la red de cloacas y la red de agua potable.&nbsp;&nbsp;<\/p>\n\n\n\n<p>Cabe destacar que las mismas son financiadas por la Secretar\u00eda de Integraci\u00f3n Socio Urbana (SISU), dependiente del Ministerio de Desarrollo Social de la Naci\u00f3n.<\/p>\n\n\n\n<figure class=\"wp-block-gallery has-nested-images columns-default is-cropped wp-block-gallery-1 is-layout-flex wp-block-gallery-is-layout-flex\">\n<figure class=\"wp-block-image size-large\"><img fetchpriority=\"high\" decoding=\"async\" width=\"720\" height=\"963\" data-id=\"22697\" src=\"https:\/\/www.elpolitologoyelpolitico.com.ar\/wp-content\/uploads\/2022\/07\/IMG-20220727-WA0020.jpg\" alt=\"\" class=\"wp-image-22697\" srcset=\"https:\/\/www.elpolitologoyelpolitico.com.ar\/wp-content\/uploads\/2022\/07\/IMG-20220727-WA0020.jpg 720w, https:\/\/www.elpolitologoyelpolitico.com.ar\/wp-content\/uploads\/2022\/07\/IMG-20220727-WA0020-224x300.jpg 224w\" sizes=\"(max-width: 720px) 100vw, 720px\" \/><\/figure>\n\n\n\n<figure class=\"wp-block-image size-large\"><img decoding=\"async\" width=\"720\" height=\"963\" data-id=\"22698\" src=\"https:\/\/www.elpolitologoyelpolitico.com.ar\/wp-content\/uploads\/2022\/07\/IMG-20220727-WA0018.jpg\" alt=\"\" class=\"wp-image-22698\" srcset=\"https:\/\/www.elpolitologoyelpolitico.com.ar\/wp-content\/uploads\/2022\/07\/IMG-20220727-WA0018.jpg 720w, https:\/\/www.elpolitologoyelpolitico.com.ar\/wp-content\/uploads\/2022\/07\/IMG-20220727-WA0018-224x300.jpg 224w\" sizes=\"(max-width: 720px) 100vw, 720px\" \/><\/figure>\n\n\n\n<figure class=\"wp-block-image size-large\"><img decoding=\"async\" width=\"720\" height=\"405\" data-id=\"22699\" src=\"https:\/\/www.elpolitologoyelpolitico.com.ar\/wp-content\/uploads\/2022\/07\/IMG-20220727-WA0017.jpg\" alt=\"\" class=\"wp-image-22699\" srcset=\"https:\/\/www.elpolitologoyelpolitico.com.ar\/wp-content\/uploads\/2022\/07\/IMG-20220727-WA0017.jpg 720w, https:\/\/www.elpolitologoyelpolitico.com.ar\/wp-content\/uploads\/2022\/07\/IMG-20220727-WA0017-300x169.jpg 300w\" sizes=\"(max-width: 720px) 100vw, 720px\" \/><\/figure>\n<\/figure>\n<div class=\"fb-background-color\">\n\t\t\t  <div \n\t\t\t  \tclass = \"fb-comments\" \n\t\t\t  \tdata-href = \"https:\/\/www.elpolitologoyelpolitico.com.ar\/wordpress\/2022\/07\/27\/zara-recorrio-y-superviso-las-obras-de-urbanizacion-en-villa-del-carmen\/\"\n\t\t\t  \tdata-numposts = \"10\"\n\t\t\t  \tdata-lazy = \"true\"\n\t\t\t\tdata-colorscheme = \"light\"\n\t\t\t\tdata-order-by = \"social\"\n\t\t\t\tdata-mobile=true>\n\t\t\t  <\/div><\/div>\n\t\t  <style>\n\t\t    .fb-background-color {\n\t\t\t\tbackground: #ffffff !important;\n\t\t\t}\n\t\t\t.fb_iframe_widget_fluid_desktop iframe {\n\t\t\t    width: 100% !important;\n\t\t\t}\n\t\t  <\/style>\n\t\t  ","protected":false},"excerpt":{"rendered":"<p>El Intendente de Patagones, Ing. Jos\u00e9 Luis Zara, junto a funcionarios de su gabinete, realiz\u00f3 una recorrida por el Villa del Carmen, a fin de supervisar el estado de avance de las obras de urbanizaci\u00f3n que se llevan adelante en el barrio. Acompa\u00f1aron al jefe comunal, el secretario de Obras P\u00fablicas, Ing. Jorge Isaac, el [&hellip;]<\/p>\n","protected":false},"author":4,"featured_media":22696,"comment_status":"closed","ping_status":"closed","sticky":false,"template":"","format":"standard","meta":{"_joinchat":[],"footnotes":""},"categories":[4],"tags":[],"class_list":["post-22695","post","type-post","status-publish","format-standard","has-post-thumbnail","hentry","category-politicas-publicas"],"_links":{"self":[{"href":"https:\/\/www.elpolitologoyelpolitico.com.ar\/wordpress\/wp-json\/wp\/v2\/posts\/22695","targetHints":{"allow":["GET"]}}],"collection":[{"href":"https:\/\/www.elpolitologoyelpolitico.com.ar\/wordpress\/wp-json\/wp\/v2\/posts"}],"about":[{"href":"https:\/\/www.elpolitologoyelpolitico.com.ar\/wordpress\/wp-json\/wp\/v2\/types\/post"}],"author":[{"embeddable":true,"href":"https:\/\/www.elpolitologoyelpolitico.com.ar\/wordpress\/wp-json\/wp\/v2\/users\/4"}],"replies":[{"embeddable":true,"href":"https:\/\/www.elpolitologoyelpolitico.com.ar\/wordpress\/wp-json\/wp\/v2\/comments?post=22695"}],"version-history":[{"count":0,"href":"https:\/\/www.elpolitologoyelpolitico.com.ar\/wordpress\/wp-json\/wp\/v2\/posts\/22695\/revisions"}],"wp:featuredmedia":[{"embeddable":true,"href":"https:\/\/www.elpolitologoyelpolitico.com.ar\/wordpress\/wp-json\/wp\/v2\/media\/22696"}],"wp:attachment":[{"href":"https:\/\/www.elpolitologoyelpolitico.com.ar\/wordpress\/wp-json\/wp\/v2\/media?parent=22695"}],"wp:term":[{"taxonomy":"category","embeddable":true,"href":"https:\/\/www.elpolitologoyelpolitico.com.ar\/wordpress\/wp-json\/wp\/v2\/categories?post=22695"},{"taxonomy":"post_tag","embeddable":true,"href":"https:\/\/www.elpolitologoyelpolitico.com.ar\/wordpress\/wp-json\/wp\/v2\/tags?post=22695"}],"curies":[{"name":"wp","href":"https:\/\/api.w.org\/{rel}","templated":true}]}}