{"id":22689,"date":"2022-07-27T22:05:43","date_gmt":"2022-07-27T22:05:43","guid":{"rendered":"https:\/\/www.elpolitologoyelpolitico.com.ar\/wordpress\/?p=22689"},"modified":"2022-07-27T22:06:51","modified_gmt":"2022-07-27T22:06:51","slug":"el-intendente-zara-presidio-la-licitacion-del-transporte-publico-entre-bahia-san-blas-y-carmen-de-patagones","status":"publish","type":"post","link":"https:\/\/www.elpolitologoyelpolitico.com.ar\/wordpress\/2022\/07\/27\/el-intendente-zara-presidio-la-licitacion-del-transporte-publico-entre-bahia-san-blas-y-carmen-de-patagones\/","title":{"rendered":"El Intendente Zara presidi\u00f3 la licitaci\u00f3n del transporte p\u00fablico entre Bah\u00eda San Blas y Carmen de Patagones"},"content":{"rendered":"\n<p>El Intendente de Patagones, Ing. Jos\u00e9 Luis Zara, presidi\u00f3 en su despacho el acto de apertura de sobres de la licitaci\u00f3n p\u00fablica N\u00ba 13\/22, referida a la concesi\u00f3n del servicio de transporte p\u00fablico de pasajeros, jurisdicci\u00f3n Bah\u00eda San Blas-Carmen de Patagones y viceversa.&nbsp;<\/p>\n\n\n\n<p>Acompa\u00f1aron al primer mandatario, el Secretario de Gobierno, Daniel Paredes, el Secretario de Hacienda, Ricardo Teller\u00eda, la Directora de Gobierno, Dra. Adriana Llambay, la Directora de Compras, Lic. Claudia San Mart\u00edn, el Delegado Municipal, Marcelo Molteni, la Presidenta del bloque Juntos, Romina Colombi, y el concejal integrante del mismo bloque Ricardo Angos.<\/p>\n\n\n\n<figure class=\"wp-block-image size-full\"><img fetchpriority=\"high\" decoding=\"async\" width=\"720\" height=\"540\" src=\"https:\/\/www.elpolitologoyelpolitico.com.ar\/wp-content\/uploads\/2022\/07\/IMG-20220727-WA0014.jpg\" alt=\"\" class=\"wp-image-22691\" srcset=\"https:\/\/www.elpolitologoyelpolitico.com.ar\/wp-content\/uploads\/2022\/07\/IMG-20220727-WA0014.jpg 720w, https:\/\/www.elpolitologoyelpolitico.com.ar\/wp-content\/uploads\/2022\/07\/IMG-20220727-WA0014-300x225.jpg 300w\" sizes=\"(max-width: 720px) 100vw, 720px\" \/><\/figure>\n\n\n\n<p>Al referirse a la licitaci\u00f3n, el delegado Molteni expres\u00f3: \u201cla verdad estoy muy contento con lo que est\u00e1 pasando, el viernes licitamos asfalto, y hoy, el transporte que es un pedido de los vecinos, gracias a la decisi\u00f3n pol\u00edtica del Intendente y un trabajo conjunto con los concejales, podemos brindar una alternativa m\u00e1s a quienes deseen visitar San Blas y a aquellos vecinos que deben trasladarse a Carmen de Patagones\u201d.<\/p>\n\n\n\n<p>Por su parte, el Intendente Zara, manifest\u00f3 su alegr\u00eda al afirmar que: \u201cnos pone contentos poder contar con un servicio de transporte, dando respuesta a un reclamo de la comunidad de la Bah\u00eda de mucho tiempo, la verdad es que luego de la paralizaci\u00f3n de la pandemia, comenzamos a normalizar los servicios, lo cual nos provoca mucha satisfacci\u00f3n\u201d.<\/p>\n\n\n\n<figure class=\"wp-block-image size-full\"><img decoding=\"async\" width=\"720\" height=\"631\" src=\"https:\/\/www.elpolitologoyelpolitico.com.ar\/wp-content\/uploads\/2022\/07\/IMG-20220727-WA0015.jpg\" alt=\"\" class=\"wp-image-22692\" srcset=\"https:\/\/www.elpolitologoyelpolitico.com.ar\/wp-content\/uploads\/2022\/07\/IMG-20220727-WA0015.jpg 720w, https:\/\/www.elpolitologoyelpolitico.com.ar\/wp-content\/uploads\/2022\/07\/IMG-20220727-WA0015-300x263.jpg 300w\" sizes=\"(max-width: 720px) 100vw, 720px\" \/><\/figure>\n<div class=\"fb-background-color\">\n\t\t\t  <div \n\t\t\t  \tclass = \"fb-comments\" \n\t\t\t  \tdata-href = \"https:\/\/www.elpolitologoyelpolitico.com.ar\/wordpress\/2022\/07\/27\/el-intendente-zara-presidio-la-licitacion-del-transporte-publico-entre-bahia-san-blas-y-carmen-de-patagones\/\"\n\t\t\t  \tdata-numposts = \"10\"\n\t\t\t  \tdata-lazy = \"true\"\n\t\t\t\tdata-colorscheme = \"light\"\n\t\t\t\tdata-order-by = \"social\"\n\t\t\t\tdata-mobile=true>\n\t\t\t  <\/div><\/div>\n\t\t  <style>\n\t\t    .fb-background-color {\n\t\t\t\tbackground: #ffffff !important;\n\t\t\t}\n\t\t\t.fb_iframe_widget_fluid_desktop iframe {\n\t\t\t    width: 100% !important;\n\t\t\t}\n\t\t  <\/style>\n\t\t  ","protected":false},"excerpt":{"rendered":"<p>El Intendente de Patagones, Ing. Jos\u00e9 Luis Zara, presidi\u00f3 en su despacho el acto de apertura de sobres de la licitaci\u00f3n p\u00fablica N\u00ba 13\/22, referida a la concesi\u00f3n del servicio de transporte p\u00fablico de pasajeros, jurisdicci\u00f3n Bah\u00eda San Blas-Carmen de Patagones y viceversa.&nbsp; Acompa\u00f1aron al primer mandatario, el Secretario de Gobierno, Daniel Paredes, el Secretario [&hellip;]<\/p>\n","protected":false},"author":4,"featured_media":22690,"comment_status":"closed","ping_status":"closed","sticky":false,"template":"","format":"standard","meta":{"_joinchat":[],"footnotes":""},"categories":[4],"tags":[],"class_list":["post-22689","post","type-post","status-publish","format-standard","has-post-thumbnail","hentry","category-politicas-publicas"],"_links":{"self":[{"href":"https:\/\/www.elpolitologoyelpolitico.com.ar\/wordpress\/wp-json\/wp\/v2\/posts\/22689","targetHints":{"allow":["GET"]}}],"collection":[{"href":"https:\/\/www.elpolitologoyelpolitico.com.ar\/wordpress\/wp-json\/wp\/v2\/posts"}],"about":[{"href":"https:\/\/www.elpolitologoyelpolitico.com.ar\/wordpress\/wp-json\/wp\/v2\/types\/post"}],"author":[{"embeddable":true,"href":"https:\/\/www.elpolitologoyelpolitico.com.ar\/wordpress\/wp-json\/wp\/v2\/users\/4"}],"replies":[{"embeddable":true,"href":"https:\/\/www.elpolitologoyelpolitico.com.ar\/wordpress\/wp-json\/wp\/v2\/comments?post=22689"}],"version-history":[{"count":0,"href":"https:\/\/www.elpolitologoyelpolitico.com.ar\/wordpress\/wp-json\/wp\/v2\/posts\/22689\/revisions"}],"wp:featuredmedia":[{"embeddable":true,"href":"https:\/\/www.elpolitologoyelpolitico.com.ar\/wordpress\/wp-json\/wp\/v2\/media\/22690"}],"wp:attachment":[{"href":"https:\/\/www.elpolitologoyelpolitico.com.ar\/wordpress\/wp-json\/wp\/v2\/media?parent=22689"}],"wp:term":[{"taxonomy":"category","embeddable":true,"href":"https:\/\/www.elpolitologoyelpolitico.com.ar\/wordpress\/wp-json\/wp\/v2\/categories?post=22689"},{"taxonomy":"post_tag","embeddable":true,"href":"https:\/\/www.elpolitologoyelpolitico.com.ar\/wordpress\/wp-json\/wp\/v2\/tags?post=22689"}],"curies":[{"name":"wp","href":"https:\/\/api.w.org\/{rel}","templated":true}]}}