{"id":22683,"date":"2022-07-27T02:33:46","date_gmt":"2022-07-27T02:33:46","guid":{"rendered":"https:\/\/www.elpolitologoyelpolitico.com.ar\/wordpress\/?p=22683"},"modified":"2022-07-27T02:33:52","modified_gmt":"2022-07-27T02:33:52","slug":"%f0%9d%97%a6%f0%9d%97%94%f0%9d%97%9f%f0%9d%97%94%f0%9d%97%a5%f0%9d%97%9c%f0%9d%97%a2%f0%9d%97%a6-contundente-movilizacion-de-ateven-toda-la-provincia","status":"publish","type":"post","link":"https:\/\/www.elpolitologoyelpolitico.com.ar\/wordpress\/2022\/07\/27\/%f0%9d%97%a6%f0%9d%97%94%f0%9d%97%9f%f0%9d%97%94%f0%9d%97%a5%f0%9d%97%9c%f0%9d%97%a2%f0%9d%97%a6-contundente-movilizacion-de-ateven-toda-la-provincia\/","title":{"rendered":"\ud835\udde6\ud835\uddd4\ud835\udddf\ud835\uddd4\ud835\udde5\ud835\udddc\ud835\udde2\ud835\udde6 | CONTUNDENTE MOVILIZACI\u00d3N DE ATEVEN TODA LA PROVINCIA"},"content":{"rendered":"\n<p>En el segundo d\u00eda de paro y tal como lo hab\u00eda anunciado, la Asociaci\u00f3n Trabajadores del Estado (ATE) se moviliz\u00f3 masivamente en Roca, Viedma y Bariloche para reclamar un incremento salarial que atienda las necesidades de los trabajadores.&nbsp;<\/p>\n\n\n\n<p>\u201cSin una propuesta salarial seria no existe otro horizonte que la profundizaci\u00f3n del conflicto\u201d, dijo Rodrigo Vicente secretario general de ATE R\u00edo Negro y se\u00f1al\u00f3 que \u201clas medidas se van a intensificar si el Ejecutivo sigue desoyendo los reclamos y no ofrece un incremento acorde a la inflaci\u00f3n para que ning\u00fan trabajador se ubique bajo la l\u00ednea de pobreza\u201d.<\/p>\n\n\n\n<p>Con una adhesi\u00f3n total a la huelga de 48 horas en escuelas, hospitales, Desarrollo Humano y Senaf, que fue superior al 95% en el resto de la administraci\u00f3n p\u00fablica, el sindicato exige, adem\u00e1s, el pago urgente de Indumentaria, el fin de los contratos precarios en el Estado y el pase a planta permanente, convenios colectivos y reg\u00edmenes jubilatorios sectoriales -insalubridad y jubilaci\u00f3n anticipada para sectores de riesgo-, cumplimiento del Decreto 540\/18 (movilidad PSA Educaci\u00f3n), aumento de todos los adicionales sectoriales en los organismos y ministerios del Estado y la creaci\u00f3n del Plus por Calefacci\u00f3n para estatales de la Regi\u00f3n Sur, El Bols\u00f3n y Bariloche, entre otros puntos.<\/p>\n\n\n\n<p>Por esta horas, el gremio adelant\u00f3 la profundizaci\u00f3n de las medidas en un conflicto que va en escalada frente un Ejecutivo que sigue sin dar se\u00f1ales de estar a la altura de las circunstancias.<\/p>\n\n\n\n<figure class=\"wp-block-gallery has-nested-images columns-default is-cropped wp-block-gallery-1 is-layout-flex wp-block-gallery-is-layout-flex\">\n<figure class=\"wp-block-image size-large\"><img fetchpriority=\"high\" decoding=\"async\" width=\"720\" height=\"481\" data-id=\"22687\" src=\"https:\/\/www.elpolitologoyelpolitico.com.ar\/wp-content\/uploads\/2022\/07\/IMG-20220726-WA0024.jpg\" alt=\"\" class=\"wp-image-22687\" srcset=\"https:\/\/www.elpolitologoyelpolitico.com.ar\/wp-content\/uploads\/2022\/07\/IMG-20220726-WA0024.jpg 720w, https:\/\/www.elpolitologoyelpolitico.com.ar\/wp-content\/uploads\/2022\/07\/IMG-20220726-WA0024-300x200.jpg 300w\" sizes=\"(max-width: 720px) 100vw, 720px\" \/><\/figure>\n\n\n\n<figure class=\"wp-block-image size-large\"><img decoding=\"async\" width=\"720\" height=\"350\" data-id=\"22686\" src=\"https:\/\/www.elpolitologoyelpolitico.com.ar\/wp-content\/uploads\/2022\/07\/IMG-20220726-WA0022.jpg\" alt=\"\" class=\"wp-image-22686\" srcset=\"https:\/\/www.elpolitologoyelpolitico.com.ar\/wp-content\/uploads\/2022\/07\/IMG-20220726-WA0022.jpg 720w, https:\/\/www.elpolitologoyelpolitico.com.ar\/wp-content\/uploads\/2022\/07\/IMG-20220726-WA0022-300x146.jpg 300w\" sizes=\"(max-width: 720px) 100vw, 720px\" \/><\/figure>\n\n\n\n<figure class=\"wp-block-image size-large\"><img decoding=\"async\" width=\"720\" height=\"350\" data-id=\"22685\" src=\"https:\/\/www.elpolitologoyelpolitico.com.ar\/wp-content\/uploads\/2022\/07\/IMG-20220726-WA0023.jpg\" alt=\"\" class=\"wp-image-22685\" srcset=\"https:\/\/www.elpolitologoyelpolitico.com.ar\/wp-content\/uploads\/2022\/07\/IMG-20220726-WA0023.jpg 720w, https:\/\/www.elpolitologoyelpolitico.com.ar\/wp-content\/uploads\/2022\/07\/IMG-20220726-WA0023-300x146.jpg 300w\" sizes=\"(max-width: 720px) 100vw, 720px\" \/><\/figure>\n<\/figure>\n<div class=\"fb-background-color\">\n\t\t\t  <div \n\t\t\t  \tclass = \"fb-comments\" \n\t\t\t  \tdata-href = \"https:\/\/www.elpolitologoyelpolitico.com.ar\/wordpress\/2022\/07\/27\/%f0%9d%97%a6%f0%9d%97%94%f0%9d%97%9f%f0%9d%97%94%f0%9d%97%a5%f0%9d%97%9c%f0%9d%97%a2%f0%9d%97%a6-contundente-movilizacion-de-ateven-toda-la-provincia\/\"\n\t\t\t  \tdata-numposts = \"10\"\n\t\t\t  \tdata-lazy = \"true\"\n\t\t\t\tdata-colorscheme = \"light\"\n\t\t\t\tdata-order-by = \"social\"\n\t\t\t\tdata-mobile=true>\n\t\t\t  <\/div><\/div>\n\t\t  <style>\n\t\t    .fb-background-color {\n\t\t\t\tbackground: #ffffff !important;\n\t\t\t}\n\t\t\t.fb_iframe_widget_fluid_desktop iframe {\n\t\t\t    width: 100% !important;\n\t\t\t}\n\t\t  <\/style>\n\t\t  ","protected":false},"excerpt":{"rendered":"<p>En el segundo d\u00eda de paro y tal como lo hab\u00eda anunciado, la Asociaci\u00f3n Trabajadores del Estado (ATE) se moviliz\u00f3 masivamente en Roca, Viedma y Bariloche para reclamar un incremento salarial que atienda las necesidades de los trabajadores.&nbsp; \u201cSin una propuesta salarial seria no existe otro horizonte que la profundizaci\u00f3n del conflicto\u201d, dijo Rodrigo Vicente [&hellip;]<\/p>\n","protected":false},"author":4,"featured_media":22684,"comment_status":"closed","ping_status":"closed","sticky":false,"template":"","format":"standard","meta":{"_joinchat":[],"footnotes":""},"categories":[39],"tags":[],"class_list":["post-22683","post","type-post","status-publish","format-standard","has-post-thumbnail","hentry","category-en-esta-seccion"],"_links":{"self":[{"href":"https:\/\/www.elpolitologoyelpolitico.com.ar\/wordpress\/wp-json\/wp\/v2\/posts\/22683","targetHints":{"allow":["GET"]}}],"collection":[{"href":"https:\/\/www.elpolitologoyelpolitico.com.ar\/wordpress\/wp-json\/wp\/v2\/posts"}],"about":[{"href":"https:\/\/www.elpolitologoyelpolitico.com.ar\/wordpress\/wp-json\/wp\/v2\/types\/post"}],"author":[{"embeddable":true,"href":"https:\/\/www.elpolitologoyelpolitico.com.ar\/wordpress\/wp-json\/wp\/v2\/users\/4"}],"replies":[{"embeddable":true,"href":"https:\/\/www.elpolitologoyelpolitico.com.ar\/wordpress\/wp-json\/wp\/v2\/comments?post=22683"}],"version-history":[{"count":0,"href":"https:\/\/www.elpolitologoyelpolitico.com.ar\/wordpress\/wp-json\/wp\/v2\/posts\/22683\/revisions"}],"wp:featuredmedia":[{"embeddable":true,"href":"https:\/\/www.elpolitologoyelpolitico.com.ar\/wordpress\/wp-json\/wp\/v2\/media\/22684"}],"wp:attachment":[{"href":"https:\/\/www.elpolitologoyelpolitico.com.ar\/wordpress\/wp-json\/wp\/v2\/media?parent=22683"}],"wp:term":[{"taxonomy":"category","embeddable":true,"href":"https:\/\/www.elpolitologoyelpolitico.com.ar\/wordpress\/wp-json\/wp\/v2\/categories?post=22683"},{"taxonomy":"post_tag","embeddable":true,"href":"https:\/\/www.elpolitologoyelpolitico.com.ar\/wordpress\/wp-json\/wp\/v2\/tags?post=22683"}],"curies":[{"name":"wp","href":"https:\/\/api.w.org\/{rel}","templated":true}]}}