{"id":22679,"date":"2022-07-27T01:48:14","date_gmt":"2022-07-27T01:48:14","guid":{"rendered":"https:\/\/www.elpolitologoyelpolitico.com.ar\/wordpress\/?p=22679"},"modified":"2022-07-27T01:49:24","modified_gmt":"2022-07-27T01:49:24","slug":"se-inaugura-la-exposicion-plastica-de-naco-fichetti-en-el-cultural","status":"publish","type":"post","link":"https:\/\/www.elpolitologoyelpolitico.com.ar\/wordpress\/2022\/07\/27\/se-inaugura-la-exposicion-plastica-de-naco-fichetti-en-el-cultural\/","title":{"rendered":"Se Inaugura la exposici\u00f3n pl\u00e1stica de Naco Fichetti en el Cultural"},"content":{"rendered":"\n<p>Este viernes 29 de julio desde las 19.30, quedar\u00e1 inaugurada la exposici\u00f3n de obras de Naco Fichetti en el Centro Municipal de Cultura.<\/p>\n\n\n\n<p>Esta muestra abarca una mezcla de trabajos en distintos temas, formatos y t\u00e9cnicas. Hay retratos, caricaturas, objetos, animales. Las t\u00e9cnicas usadas son l\u00e1piz negro, l\u00e1piz de color, acuarela y acr\u00edlico, en papel y en tela.<\/p>\n\n\n\n<p>Nacido en 1976 en Buenos Aires pero radicado en Viedma desde el primer mes de vida, Ignacio Naco Fichetti viene desarrollando una extensa trayectoria en el mundo del dibujo y la ilustraci\u00f3n.<\/p>\n\n\n\n<p>Ha cursado estudios de caricatura en la Escuela de Dibujo de Carlos Garaycochea en Buenos Aires, y continu\u00f3 con la carrera de Artes Visuales en el Instituto Universitario Nacional del Arte (IUNA).<\/p>\n\n\n\n<p>En el 2009 y en 2019 asisti\u00f3 al Workshop de Sebastian Kr\u00fcger (Artista,caricaturista, retratista) en Alemania. Viene dictando ininterrumpidamente talleres desde hace varios a\u00f1os en diversos \u00e1mbitos,<\/p>\n\n\n\n<p>privados y p\u00fablicos, tambi\u00e9n como dibujante, ilustrador y caricaturista freelance, se han publicado trabajos en el Diario Noticias, folleter\u00edas para Educaci\u00f3n y Salud de la provincia de R\u00edo Negro y otras revistas y agendas de Viedma.<\/p>\n\n\n\n<p>He hecho exposiciones tanto grupales como individuales en Viedma, Bariloche y Buenos Aires.<\/p>\n<div class=\"fb-background-color\">\n\t\t\t  <div \n\t\t\t  \tclass = \"fb-comments\" \n\t\t\t  \tdata-href = \"https:\/\/www.elpolitologoyelpolitico.com.ar\/wordpress\/2022\/07\/27\/se-inaugura-la-exposicion-plastica-de-naco-fichetti-en-el-cultural\/\"\n\t\t\t  \tdata-numposts = \"10\"\n\t\t\t  \tdata-lazy = \"true\"\n\t\t\t\tdata-colorscheme = \"light\"\n\t\t\t\tdata-order-by = \"social\"\n\t\t\t\tdata-mobile=true>\n\t\t\t  <\/div><\/div>\n\t\t  <style>\n\t\t    .fb-background-color {\n\t\t\t\tbackground: #ffffff !important;\n\t\t\t}\n\t\t\t.fb_iframe_widget_fluid_desktop iframe {\n\t\t\t    width: 100% !important;\n\t\t\t}\n\t\t  <\/style>\n\t\t  ","protected":false},"excerpt":{"rendered":"<p>Este viernes 29 de julio desde las 19.30, quedar\u00e1 inaugurada la exposici\u00f3n de obras de Naco Fichetti en el Centro Municipal de Cultura. Esta muestra abarca una mezcla de trabajos en distintos temas, formatos y t\u00e9cnicas. Hay retratos, caricaturas, objetos, animales. Las t\u00e9cnicas usadas son l\u00e1piz negro, l\u00e1piz de color, acuarela y acr\u00edlico, en papel [&hellip;]<\/p>\n","protected":false},"author":4,"featured_media":22681,"comment_status":"closed","ping_status":"closed","sticky":false,"template":"","format":"standard","meta":{"_joinchat":[],"footnotes":""},"categories":[39],"tags":[],"class_list":["post-22679","post","type-post","status-publish","format-standard","has-post-thumbnail","hentry","category-en-esta-seccion"],"_links":{"self":[{"href":"https:\/\/www.elpolitologoyelpolitico.com.ar\/wordpress\/wp-json\/wp\/v2\/posts\/22679","targetHints":{"allow":["GET"]}}],"collection":[{"href":"https:\/\/www.elpolitologoyelpolitico.com.ar\/wordpress\/wp-json\/wp\/v2\/posts"}],"about":[{"href":"https:\/\/www.elpolitologoyelpolitico.com.ar\/wordpress\/wp-json\/wp\/v2\/types\/post"}],"author":[{"embeddable":true,"href":"https:\/\/www.elpolitologoyelpolitico.com.ar\/wordpress\/wp-json\/wp\/v2\/users\/4"}],"replies":[{"embeddable":true,"href":"https:\/\/www.elpolitologoyelpolitico.com.ar\/wordpress\/wp-json\/wp\/v2\/comments?post=22679"}],"version-history":[{"count":0,"href":"https:\/\/www.elpolitologoyelpolitico.com.ar\/wordpress\/wp-json\/wp\/v2\/posts\/22679\/revisions"}],"wp:featuredmedia":[{"embeddable":true,"href":"https:\/\/www.elpolitologoyelpolitico.com.ar\/wordpress\/wp-json\/wp\/v2\/media\/22681"}],"wp:attachment":[{"href":"https:\/\/www.elpolitologoyelpolitico.com.ar\/wordpress\/wp-json\/wp\/v2\/media?parent=22679"}],"wp:term":[{"taxonomy":"category","embeddable":true,"href":"https:\/\/www.elpolitologoyelpolitico.com.ar\/wordpress\/wp-json\/wp\/v2\/categories?post=22679"},{"taxonomy":"post_tag","embeddable":true,"href":"https:\/\/www.elpolitologoyelpolitico.com.ar\/wordpress\/wp-json\/wp\/v2\/tags?post=22679"}],"curies":[{"name":"wp","href":"https:\/\/api.w.org\/{rel}","templated":true}]}}