{"id":22675,"date":"2022-07-27T01:31:45","date_gmt":"2022-07-27T01:31:45","guid":{"rendered":"https:\/\/www.elpolitologoyelpolitico.com.ar\/wordpress\/?p=22675"},"modified":"2022-07-27T01:33:11","modified_gmt":"2022-07-27T01:33:11","slug":"el-bloque-fdt-rio-negro-recordo-a-eva-duarte","status":"publish","type":"post","link":"https:\/\/www.elpolitologoyelpolitico.com.ar\/wordpress\/2022\/07\/27\/el-bloque-fdt-rio-negro-recordo-a-eva-duarte\/","title":{"rendered":"El Bloque FDT- R\u00edo Negro record\u00f3 a Eva Duarte"},"content":{"rendered":"\n<p><strong>\u201cEva Per\u00f3n, un mandato de acci\u00f3n pol\u00edtica\u201d<\/strong><\/p>\n\n\n\n<p>A 70 a\u00f1os de la muerte de Eva Per\u00f3n, la legisladora Mar\u00eda Eugenia Martini record\u00f3 a la l\u00edderesa y referente del Movimiento Nacional Justicialista.<\/p>\n\n\n\n<p>\u201cEn nuestra tarea la figura, las consignas de Eva son imprescindibles\u201d, se\u00f1al\u00f3 Martini. \u201cCuando hablamos de la organizaci\u00f3n pol\u00edtica de la mujer, de los derechos pol\u00edticos de la mujer, recordemos -no solo el derecho a voto\u2013 sino la Ley de cupo femenino; hace apenas 30 a\u00f1os que se sancion\u00f3\u201d.<\/p>\n\n\n\n<p>Martini record\u00f3 adem\u00e1s que \u201chace nada, en 2017, las mujeres alcanzamos la Ley de paridad de g\u00e9nero en los \u00e1mbitos de representaci\u00f3n pol\u00edtica. Son ejemplos que nos sirven para poner en perspectiva el sentido y la profundidad de la lucha que encarn\u00f3 Eva Per\u00f3n, tanto as\u00ed como su vigencia, en tiempos en los que como se ve, tanto hace falta por hacer\u201d.<\/p>\n\n\n\n<p>Para la Legisladora es \u201cimportante hacer una labor pedag\u00f3gica\u201d en relaci\u00f3n a la figura de Eva Per\u00f3n, \u201cevitar que se agote en homenajes y discursos conmovidos por el recuerdo, para ir un paso m\u00e1s all\u00e1, sostener esas ideas y seguir avanzando\u201d.<\/p>\n\n\n\n<p>\u201cReci\u00e9n en este siglo hemos tenido una presidenta por elecci\u00f3n, y ahora una gobernadora; m\u00e1s all\u00e1 de la ideolog\u00eda de cada quien, vamos llegando, m\u00e1s de medio siglo despu\u00e9s, a romper preconceptos de la hegemon\u00eda machista\u201d, consider\u00f3.<\/p>\n\n\n\n<p>\u201cAyuda social, s\u00ed; limosna, no, se\u00f1alaba Evita, entendiendo como ayuda social la acci\u00f3n de Estado que, sin imponer fronteras, atiende solidariamente al derecho a vivir de quienes por cualquier motivo est\u00e1n fuera del mercado de trabajo. Dec\u00eda Eva que la ayuda social restituye a la sociedad a aquellos que el destino y los malos gobernantes han apartado\u201d, record\u00f3 la presidenta del bloque legislativo del Frente de Todos.<\/p>\n\n\n\n<p>\u201cEs importante tener presentes estas y otras ideas que no han perdido nada de vigencia, que son temas que estamos discutiendo ahora mismo, porque mientras persistan las condiciones de desigualdad, mientras corramos el riesgo de volver a sufrir gobiernos autoritarios y elitistas, Eva Per\u00f3n es m\u00e1s que un recuerdo, sigue siendo una gu\u00eda, un mandato de acci\u00f3n pol\u00edtica\u201d. Concluy\u00f3.<\/p>\n<div class=\"fb-background-color\">\n\t\t\t  <div \n\t\t\t  \tclass = \"fb-comments\" \n\t\t\t  \tdata-href = \"https:\/\/www.elpolitologoyelpolitico.com.ar\/wordpress\/2022\/07\/27\/el-bloque-fdt-rio-negro-recordo-a-eva-duarte\/\"\n\t\t\t  \tdata-numposts = \"10\"\n\t\t\t  \tdata-lazy = \"true\"\n\t\t\t\tdata-colorscheme = \"light\"\n\t\t\t\tdata-order-by = \"social\"\n\t\t\t\tdata-mobile=true>\n\t\t\t  <\/div><\/div>\n\t\t  <style>\n\t\t    .fb-background-color {\n\t\t\t\tbackground: #ffffff !important;\n\t\t\t}\n\t\t\t.fb_iframe_widget_fluid_desktop iframe {\n\t\t\t    width: 100% !important;\n\t\t\t}\n\t\t  <\/style>\n\t\t  ","protected":false},"excerpt":{"rendered":"<p>\u201cEva Per\u00f3n, un mandato de acci\u00f3n pol\u00edtica\u201d A 70 a\u00f1os de la muerte de Eva Per\u00f3n, la legisladora Mar\u00eda Eugenia Martini record\u00f3 a la l\u00edderesa y referente del Movimiento Nacional Justicialista. \u201cEn nuestra tarea la figura, las consignas de Eva son imprescindibles\u201d, se\u00f1al\u00f3 Martini. \u201cCuando hablamos de la organizaci\u00f3n pol\u00edtica de la mujer, de los [&hellip;]<\/p>\n","protected":false},"author":4,"featured_media":22676,"comment_status":"closed","ping_status":"closed","sticky":false,"template":"","format":"standard","meta":{"_joinchat":[],"footnotes":""},"categories":[5],"tags":[],"class_list":["post-22675","post","type-post","status-publish","format-standard","has-post-thumbnail","hentry","category-partidos-politicos"],"_links":{"self":[{"href":"https:\/\/www.elpolitologoyelpolitico.com.ar\/wordpress\/wp-json\/wp\/v2\/posts\/22675","targetHints":{"allow":["GET"]}}],"collection":[{"href":"https:\/\/www.elpolitologoyelpolitico.com.ar\/wordpress\/wp-json\/wp\/v2\/posts"}],"about":[{"href":"https:\/\/www.elpolitologoyelpolitico.com.ar\/wordpress\/wp-json\/wp\/v2\/types\/post"}],"author":[{"embeddable":true,"href":"https:\/\/www.elpolitologoyelpolitico.com.ar\/wordpress\/wp-json\/wp\/v2\/users\/4"}],"replies":[{"embeddable":true,"href":"https:\/\/www.elpolitologoyelpolitico.com.ar\/wordpress\/wp-json\/wp\/v2\/comments?post=22675"}],"version-history":[{"count":0,"href":"https:\/\/www.elpolitologoyelpolitico.com.ar\/wordpress\/wp-json\/wp\/v2\/posts\/22675\/revisions"}],"wp:featuredmedia":[{"embeddable":true,"href":"https:\/\/www.elpolitologoyelpolitico.com.ar\/wordpress\/wp-json\/wp\/v2\/media\/22676"}],"wp:attachment":[{"href":"https:\/\/www.elpolitologoyelpolitico.com.ar\/wordpress\/wp-json\/wp\/v2\/media?parent=22675"}],"wp:term":[{"taxonomy":"category","embeddable":true,"href":"https:\/\/www.elpolitologoyelpolitico.com.ar\/wordpress\/wp-json\/wp\/v2\/categories?post=22675"},{"taxonomy":"post_tag","embeddable":true,"href":"https:\/\/www.elpolitologoyelpolitico.com.ar\/wordpress\/wp-json\/wp\/v2\/tags?post=22675"}],"curies":[{"name":"wp","href":"https:\/\/api.w.org\/{rel}","templated":true}]}}