{"id":22669,"date":"2022-07-26T20:23:51","date_gmt":"2022-07-26T20:23:51","guid":{"rendered":"https:\/\/www.elpolitologoyelpolitico.com.ar\/wordpress\/?p=22669"},"modified":"2022-07-26T20:24:19","modified_gmt":"2022-07-26T20:24:19","slug":"el-intendente-zara-recibio-a-integrantes-de-la-comunidad-boliviana","status":"publish","type":"post","link":"https:\/\/www.elpolitologoyelpolitico.com.ar\/wordpress\/2022\/07\/26\/el-intendente-zara-recibio-a-integrantes-de-la-comunidad-boliviana\/","title":{"rendered":"El Intendente Zara recibi\u00f3 a integrantes de la comunidad boliviana"},"content":{"rendered":"\n<p>Este jueves, el Intendente de Patagones, Ing. Jos\u00e9 Luis Zara, recibi\u00f3 en su despacho a referentes de la comunidad boliviana que integran la agrupaci\u00f3n \u201cNuestra Tierra\u201d.<\/p>\n\n\n\n<p>El jefe comunal estuvo acompa\u00f1ado por el Secretario de Gobierno, Daniel Paredes, el Subsecretario de Obras P\u00fablicas, Arq. Roberto Haure, y el Subsecretario de Planificaci\u00f3n, Ing. Juan Carlos Ricca.<\/p>\n\n\n\n<p>Durante el encuentro, se dialog\u00f3 y analiz\u00f3 de manera conjunta, la situaci\u00f3n social y habitacional que tiene la comunidad boliviana en la actualidad.<\/p>\n\n\n\n<p>El Intendente, Ing. Jos\u00e9 Zara, se comprometi\u00f3 a analizar la propuesta presentada por la comunidad boliviana y brindar alguna respuesta.<\/p>\n\n\n\n<figure class=\"wp-block-gallery has-nested-images columns-default is-cropped wp-block-gallery-1 is-layout-flex wp-block-gallery-is-layout-flex\">\n<figure class=\"wp-block-image size-large\"><img fetchpriority=\"high\" decoding=\"async\" width=\"720\" height=\"324\" data-id=\"22671\" src=\"https:\/\/www.elpolitologoyelpolitico.com.ar\/wp-content\/uploads\/2022\/07\/IMG-20220726-WA0004.jpg\" alt=\"\" class=\"wp-image-22671\" srcset=\"https:\/\/www.elpolitologoyelpolitico.com.ar\/wp-content\/uploads\/2022\/07\/IMG-20220726-WA0004.jpg 720w, https:\/\/www.elpolitologoyelpolitico.com.ar\/wp-content\/uploads\/2022\/07\/IMG-20220726-WA0004-300x135.jpg 300w\" sizes=\"(max-width: 720px) 100vw, 720px\" \/><\/figure>\n\n\n\n<figure class=\"wp-block-image size-large\"><img decoding=\"async\" width=\"720\" height=\"324\" data-id=\"22672\" src=\"https:\/\/www.elpolitologoyelpolitico.com.ar\/wp-content\/uploads\/2022\/07\/IMG-20220726-WA0005.jpg\" alt=\"\" class=\"wp-image-22672\" srcset=\"https:\/\/www.elpolitologoyelpolitico.com.ar\/wp-content\/uploads\/2022\/07\/IMG-20220726-WA0005.jpg 720w, https:\/\/www.elpolitologoyelpolitico.com.ar\/wp-content\/uploads\/2022\/07\/IMG-20220726-WA0005-300x135.jpg 300w\" sizes=\"(max-width: 720px) 100vw, 720px\" \/><\/figure>\n<\/figure>\n<div class=\"fb-background-color\">\n\t\t\t  <div \n\t\t\t  \tclass = \"fb-comments\" \n\t\t\t  \tdata-href = \"https:\/\/www.elpolitologoyelpolitico.com.ar\/wordpress\/2022\/07\/26\/el-intendente-zara-recibio-a-integrantes-de-la-comunidad-boliviana\/\"\n\t\t\t  \tdata-numposts = \"10\"\n\t\t\t  \tdata-lazy = \"true\"\n\t\t\t\tdata-colorscheme = \"light\"\n\t\t\t\tdata-order-by = \"social\"\n\t\t\t\tdata-mobile=true>\n\t\t\t  <\/div><\/div>\n\t\t  <style>\n\t\t    .fb-background-color {\n\t\t\t\tbackground: #ffffff !important;\n\t\t\t}\n\t\t\t.fb_iframe_widget_fluid_desktop iframe {\n\t\t\t    width: 100% !important;\n\t\t\t}\n\t\t  <\/style>\n\t\t  ","protected":false},"excerpt":{"rendered":"<p>Este jueves, el Intendente de Patagones, Ing. Jos\u00e9 Luis Zara, recibi\u00f3 en su despacho a referentes de la comunidad boliviana que integran la agrupaci\u00f3n \u201cNuestra Tierra\u201d. El jefe comunal estuvo acompa\u00f1ado por el Secretario de Gobierno, Daniel Paredes, el Subsecretario de Obras P\u00fablicas, Arq. Roberto Haure, y el Subsecretario de Planificaci\u00f3n, Ing. Juan Carlos Ricca. [&hellip;]<\/p>\n","protected":false},"author":4,"featured_media":22670,"comment_status":"closed","ping_status":"closed","sticky":false,"template":"","format":"standard","meta":{"_joinchat":[],"footnotes":""},"categories":[39],"tags":[],"class_list":["post-22669","post","type-post","status-publish","format-standard","has-post-thumbnail","hentry","category-en-esta-seccion"],"_links":{"self":[{"href":"https:\/\/www.elpolitologoyelpolitico.com.ar\/wordpress\/wp-json\/wp\/v2\/posts\/22669","targetHints":{"allow":["GET"]}}],"collection":[{"href":"https:\/\/www.elpolitologoyelpolitico.com.ar\/wordpress\/wp-json\/wp\/v2\/posts"}],"about":[{"href":"https:\/\/www.elpolitologoyelpolitico.com.ar\/wordpress\/wp-json\/wp\/v2\/types\/post"}],"author":[{"embeddable":true,"href":"https:\/\/www.elpolitologoyelpolitico.com.ar\/wordpress\/wp-json\/wp\/v2\/users\/4"}],"replies":[{"embeddable":true,"href":"https:\/\/www.elpolitologoyelpolitico.com.ar\/wordpress\/wp-json\/wp\/v2\/comments?post=22669"}],"version-history":[{"count":0,"href":"https:\/\/www.elpolitologoyelpolitico.com.ar\/wordpress\/wp-json\/wp\/v2\/posts\/22669\/revisions"}],"wp:featuredmedia":[{"embeddable":true,"href":"https:\/\/www.elpolitologoyelpolitico.com.ar\/wordpress\/wp-json\/wp\/v2\/media\/22670"}],"wp:attachment":[{"href":"https:\/\/www.elpolitologoyelpolitico.com.ar\/wordpress\/wp-json\/wp\/v2\/media?parent=22669"}],"wp:term":[{"taxonomy":"category","embeddable":true,"href":"https:\/\/www.elpolitologoyelpolitico.com.ar\/wordpress\/wp-json\/wp\/v2\/categories?post=22669"},{"taxonomy":"post_tag","embeddable":true,"href":"https:\/\/www.elpolitologoyelpolitico.com.ar\/wordpress\/wp-json\/wp\/v2\/tags?post=22669"}],"curies":[{"name":"wp","href":"https:\/\/api.w.org\/{rel}","templated":true}]}}