{"id":22663,"date":"2022-07-26T13:33:04","date_gmt":"2022-07-26T13:33:04","guid":{"rendered":"https:\/\/www.elpolitologoyelpolitico.com.ar\/wordpress\/?p=22663"},"modified":"2022-07-26T13:33:31","modified_gmt":"2022-07-26T13:33:31","slug":"capacitaron-sobre-diabetes-al-personal-de-salud-del-interior-del-partido-de-patagones","status":"publish","type":"post","link":"https:\/\/www.elpolitologoyelpolitico.com.ar\/wordpress\/2022\/07\/26\/capacitaron-sobre-diabetes-al-personal-de-salud-del-interior-del-partido-de-patagones\/","title":{"rendered":"Capacitaron sobre diabetes al personal de salud del interior del Partido de Patagones"},"content":{"rendered":"\n<p>En la localidad de Stroeder se realiz\u00f3 una capacitaci\u00f3n sobre diabetes al personal m\u00e9dico y no m\u00e9dico de los diferentes hospitales y unidades sanitarias del interior del Partido de Patagones.<\/p>\n\n\n\n<p>Dicho encuentro estuvo coordinado por el Departamento de Enfermer\u00eda,&nbsp; el \u00c1rea de Programas Sanitarios y el Director del hospital de Stroeder, Lic. Ramiro Estrade.<\/p>\n\n\n\n<p>El Dr. Marco Tr\u00edpodi fue el encargado de llevar adelante la charla con el personal.<\/p>\n\n\n\n<p>Cabe destacar que participaron trabajadores de la salud, de las localidades de Stroeder, Villalonga, Juan A. Pradere y Los Pocitos.<\/p>\n\n\n\n<figure class=\"wp-block-gallery has-nested-images columns-default is-cropped wp-block-gallery-1 is-layout-flex wp-block-gallery-is-layout-flex\">\n<figure class=\"wp-block-image size-large\"><img fetchpriority=\"high\" decoding=\"async\" width=\"720\" height=\"405\" data-id=\"22665\" src=\"https:\/\/www.elpolitologoyelpolitico.com.ar\/wp-content\/uploads\/2022\/07\/IMG-20220726-WA0001.jpg\" alt=\"\" class=\"wp-image-22665\" srcset=\"https:\/\/www.elpolitologoyelpolitico.com.ar\/wp-content\/uploads\/2022\/07\/IMG-20220726-WA0001.jpg 720w, https:\/\/www.elpolitologoyelpolitico.com.ar\/wp-content\/uploads\/2022\/07\/IMG-20220726-WA0001-300x169.jpg 300w\" sizes=\"(max-width: 720px) 100vw, 720px\" \/><\/figure>\n\n\n\n<figure class=\"wp-block-image size-large\"><img decoding=\"async\" width=\"720\" height=\"539\" data-id=\"22666\" src=\"https:\/\/www.elpolitologoyelpolitico.com.ar\/wp-content\/uploads\/2022\/07\/IMG-20220726-WA0002.jpg\" alt=\"\" class=\"wp-image-22666\" srcset=\"https:\/\/www.elpolitologoyelpolitico.com.ar\/wp-content\/uploads\/2022\/07\/IMG-20220726-WA0002.jpg 720w, https:\/\/www.elpolitologoyelpolitico.com.ar\/wp-content\/uploads\/2022\/07\/IMG-20220726-WA0002-300x225.jpg 300w\" sizes=\"(max-width: 720px) 100vw, 720px\" \/><\/figure>\n<\/figure>\n<div class=\"fb-background-color\">\n\t\t\t  <div \n\t\t\t  \tclass = \"fb-comments\" \n\t\t\t  \tdata-href = \"https:\/\/www.elpolitologoyelpolitico.com.ar\/wordpress\/2022\/07\/26\/capacitaron-sobre-diabetes-al-personal-de-salud-del-interior-del-partido-de-patagones\/\"\n\t\t\t  \tdata-numposts = \"10\"\n\t\t\t  \tdata-lazy = \"true\"\n\t\t\t\tdata-colorscheme = \"light\"\n\t\t\t\tdata-order-by = \"social\"\n\t\t\t\tdata-mobile=true>\n\t\t\t  <\/div><\/div>\n\t\t  <style>\n\t\t    .fb-background-color {\n\t\t\t\tbackground: #ffffff !important;\n\t\t\t}\n\t\t\t.fb_iframe_widget_fluid_desktop iframe {\n\t\t\t    width: 100% !important;\n\t\t\t}\n\t\t  <\/style>\n\t\t  ","protected":false},"excerpt":{"rendered":"<p>En la localidad de Stroeder se realiz\u00f3 una capacitaci\u00f3n sobre diabetes al personal m\u00e9dico y no m\u00e9dico de los diferentes hospitales y unidades sanitarias del interior del Partido de Patagones. Dicho encuentro estuvo coordinado por el Departamento de Enfermer\u00eda,&nbsp; el \u00c1rea de Programas Sanitarios y el Director del hospital de Stroeder, Lic. Ramiro Estrade. El [&hellip;]<\/p>\n","protected":false},"author":4,"featured_media":22664,"comment_status":"closed","ping_status":"closed","sticky":false,"template":"","format":"standard","meta":{"_joinchat":[],"footnotes":""},"categories":[39],"tags":[],"class_list":["post-22663","post","type-post","status-publish","format-standard","has-post-thumbnail","hentry","category-en-esta-seccion"],"_links":{"self":[{"href":"https:\/\/www.elpolitologoyelpolitico.com.ar\/wordpress\/wp-json\/wp\/v2\/posts\/22663","targetHints":{"allow":["GET"]}}],"collection":[{"href":"https:\/\/www.elpolitologoyelpolitico.com.ar\/wordpress\/wp-json\/wp\/v2\/posts"}],"about":[{"href":"https:\/\/www.elpolitologoyelpolitico.com.ar\/wordpress\/wp-json\/wp\/v2\/types\/post"}],"author":[{"embeddable":true,"href":"https:\/\/www.elpolitologoyelpolitico.com.ar\/wordpress\/wp-json\/wp\/v2\/users\/4"}],"replies":[{"embeddable":true,"href":"https:\/\/www.elpolitologoyelpolitico.com.ar\/wordpress\/wp-json\/wp\/v2\/comments?post=22663"}],"version-history":[{"count":0,"href":"https:\/\/www.elpolitologoyelpolitico.com.ar\/wordpress\/wp-json\/wp\/v2\/posts\/22663\/revisions"}],"wp:featuredmedia":[{"embeddable":true,"href":"https:\/\/www.elpolitologoyelpolitico.com.ar\/wordpress\/wp-json\/wp\/v2\/media\/22664"}],"wp:attachment":[{"href":"https:\/\/www.elpolitologoyelpolitico.com.ar\/wordpress\/wp-json\/wp\/v2\/media?parent=22663"}],"wp:term":[{"taxonomy":"category","embeddable":true,"href":"https:\/\/www.elpolitologoyelpolitico.com.ar\/wordpress\/wp-json\/wp\/v2\/categories?post=22663"},{"taxonomy":"post_tag","embeddable":true,"href":"https:\/\/www.elpolitologoyelpolitico.com.ar\/wordpress\/wp-json\/wp\/v2\/tags?post=22663"}],"curies":[{"name":"wp","href":"https:\/\/api.w.org\/{rel}","templated":true}]}}