{"id":22659,"date":"2022-07-26T01:55:45","date_gmt":"2022-07-26T01:55:45","guid":{"rendered":"https:\/\/www.elpolitologoyelpolitico.com.ar\/wordpress\/?p=22659"},"modified":"2022-07-26T01:55:48","modified_gmt":"2022-07-26T01:55:48","slug":"comenzo-la-entrega-de-frutas-y-verduras-frescas-a-familias-rionegrinas","status":"publish","type":"post","link":"https:\/\/www.elpolitologoyelpolitico.com.ar\/wordpress\/2022\/07\/26\/comenzo-la-entrega-de-frutas-y-verduras-frescas-a-familias-rionegrinas\/","title":{"rendered":"Comenz\u00f3 la entrega de frutas y verduras frescas a familias rionegrinas"},"content":{"rendered":"\n<p>Esta semana comenz\u00f3, en toda la Provincia, la distribuci\u00f3n de m\u00f3dulos con alimentos frescos que llegan a las familias que m\u00e1s lo necesitan. La entrega se realiza a trav\u00e9s de las delegaciones del Ministerio de Desarrollo Humano y Articulaci\u00f3n Solidaria y se suman a los m\u00f3dulos de alimentos no perecederos que los vecinos y las vecinas reciben.Esta semana comenz\u00f3, en toda la Provincia, la distribuci\u00f3n de m\u00f3dulos con alimentos frescos que llegan a las familias que m\u00e1s lo necesitan. La entrega se realiza a trav\u00e9s de las delegaciones del Ministerio de Desarrollo Humano y Articulaci\u00f3n Solidaria y se suman a los m\u00f3dulos de alimentos no perecederos que los vecinos y las vecinas reciben.<\/p>\n\n\n\n<p>D\u00edas atr\u00e1s, el Ministerio de Desarrollo Humano llev\u00f3 adelante la firma del convenio correspondiente con la Federaci\u00f3n de Productores de Rio Negro y Neuqu\u00e9n para la distribuci\u00f3n de alimentos frescos a las vecinas y vecinos que m\u00e1s lo necesitan.<\/p>\n\n\n\n<p>Incluye dos variedades de frutas y se complementa con verduras (papas, cebollas y zapallos). De esta forma se busca que las familias puedan llevar adelante una alimentaci\u00f3n variada y saludable, en el marco de los lineamientos del Programa NUTRE.&nbsp;<\/p>\n\n\n\n<p>Oscar Guenomil, delegado de la cartera en el Valle Inferior, indic\u00f3 que \u00abapuntamos a un grupo importante de vecinas y vecinos; personas con diferentes dificultades como problemas de salud; adultos y adultas mayores que no pueden movilizarse o personas de muy bajos recursos.<\/p>\n\n\n\n<p>\u201cContamos con un listado, confeccionado por el equipo t\u00e9cnico de la Delegaci\u00f3n, de familias que ya han sido detectadas y con las cuales ya estamos trabajando, que sabemos que necesitan este complemento para su alimentaci\u00f3n\u00bb, dijo.<\/p>\n\n\n\n<p>Las entregas de los alimentos se realizan en toda la Provincia, a trav\u00e9s de las Delegaciones de Desarrollo Humano. Ante cualquier consulta, las familias pueden dirigirse a dichas sedes.<\/p>\n\n\n\n<figure class=\"wp-block-image size-large\"><img fetchpriority=\"high\" decoding=\"async\" width=\"1024\" height=\"683\" src=\"https:\/\/www.elpolitologoyelpolitico.com.ar\/wp-content\/uploads\/2022\/07\/IMG-20220725-WA0015-1024x683.jpg\" alt=\"\" class=\"wp-image-22661\" srcset=\"https:\/\/www.elpolitologoyelpolitico.com.ar\/wp-content\/uploads\/2022\/07\/IMG-20220725-WA0015-1024x683.jpg 1024w, https:\/\/www.elpolitologoyelpolitico.com.ar\/wp-content\/uploads\/2022\/07\/IMG-20220725-WA0015-300x200.jpg 300w, https:\/\/www.elpolitologoyelpolitico.com.ar\/wp-content\/uploads\/2022\/07\/IMG-20220725-WA0015-768x512.jpg 768w, https:\/\/www.elpolitologoyelpolitico.com.ar\/wp-content\/uploads\/2022\/07\/IMG-20220725-WA0015.jpg 1200w\" sizes=\"(max-width: 1024px) 100vw, 1024px\" \/><\/figure>\n<div class=\"fb-background-color\">\n\t\t\t  <div \n\t\t\t  \tclass = \"fb-comments\" \n\t\t\t  \tdata-href = \"https:\/\/www.elpolitologoyelpolitico.com.ar\/wordpress\/2022\/07\/26\/comenzo-la-entrega-de-frutas-y-verduras-frescas-a-familias-rionegrinas\/\"\n\t\t\t  \tdata-numposts = \"10\"\n\t\t\t  \tdata-lazy = \"true\"\n\t\t\t\tdata-colorscheme = \"light\"\n\t\t\t\tdata-order-by = \"social\"\n\t\t\t\tdata-mobile=true>\n\t\t\t  <\/div><\/div>\n\t\t  <style>\n\t\t    .fb-background-color {\n\t\t\t\tbackground: #ffffff !important;\n\t\t\t}\n\t\t\t.fb_iframe_widget_fluid_desktop iframe {\n\t\t\t    width: 100% !important;\n\t\t\t}\n\t\t  <\/style>\n\t\t  ","protected":false},"excerpt":{"rendered":"<p>Esta semana comenz\u00f3, en toda la Provincia, la distribuci\u00f3n de m\u00f3dulos con alimentos frescos que llegan a las familias que m\u00e1s lo necesitan. La entrega se realiza a trav\u00e9s de las delegaciones del Ministerio de Desarrollo Humano y Articulaci\u00f3n Solidaria y se suman a los m\u00f3dulos de alimentos no perecederos que los vecinos y las [&hellip;]<\/p>\n","protected":false},"author":4,"featured_media":22660,"comment_status":"closed","ping_status":"closed","sticky":false,"template":"","format":"standard","meta":{"_joinchat":[],"footnotes":""},"categories":[4],"tags":[],"class_list":["post-22659","post","type-post","status-publish","format-standard","has-post-thumbnail","hentry","category-politicas-publicas"],"_links":{"self":[{"href":"https:\/\/www.elpolitologoyelpolitico.com.ar\/wordpress\/wp-json\/wp\/v2\/posts\/22659","targetHints":{"allow":["GET"]}}],"collection":[{"href":"https:\/\/www.elpolitologoyelpolitico.com.ar\/wordpress\/wp-json\/wp\/v2\/posts"}],"about":[{"href":"https:\/\/www.elpolitologoyelpolitico.com.ar\/wordpress\/wp-json\/wp\/v2\/types\/post"}],"author":[{"embeddable":true,"href":"https:\/\/www.elpolitologoyelpolitico.com.ar\/wordpress\/wp-json\/wp\/v2\/users\/4"}],"replies":[{"embeddable":true,"href":"https:\/\/www.elpolitologoyelpolitico.com.ar\/wordpress\/wp-json\/wp\/v2\/comments?post=22659"}],"version-history":[{"count":0,"href":"https:\/\/www.elpolitologoyelpolitico.com.ar\/wordpress\/wp-json\/wp\/v2\/posts\/22659\/revisions"}],"wp:featuredmedia":[{"embeddable":true,"href":"https:\/\/www.elpolitologoyelpolitico.com.ar\/wordpress\/wp-json\/wp\/v2\/media\/22660"}],"wp:attachment":[{"href":"https:\/\/www.elpolitologoyelpolitico.com.ar\/wordpress\/wp-json\/wp\/v2\/media?parent=22659"}],"wp:term":[{"taxonomy":"category","embeddable":true,"href":"https:\/\/www.elpolitologoyelpolitico.com.ar\/wordpress\/wp-json\/wp\/v2\/categories?post=22659"},{"taxonomy":"post_tag","embeddable":true,"href":"https:\/\/www.elpolitologoyelpolitico.com.ar\/wordpress\/wp-json\/wp\/v2\/tags?post=22659"}],"curies":[{"name":"wp","href":"https:\/\/api.w.org\/{rel}","templated":true}]}}