{"id":22655,"date":"2022-07-26T01:05:31","date_gmt":"2022-07-26T01:05:31","guid":{"rendered":"https:\/\/www.elpolitologoyelpolitico.com.ar\/wordpress\/?p=22655"},"modified":"2022-07-26T01:06:14","modified_gmt":"2022-07-26T01:06:14","slug":"rio-negro-pagara-sueldos-entre-el-3-y-9-de-agosto","status":"publish","type":"post","link":"https:\/\/www.elpolitologoyelpolitico.com.ar\/wordpress\/2022\/07\/26\/rio-negro-pagara-sueldos-entre-el-3-y-9-de-agosto\/","title":{"rendered":"R\u00edo Negro pagar\u00e1 sueldos entre el 3 y 9 de agosto"},"content":{"rendered":"\n<p>El pr\u00f3ximo mi\u00e9rcoles 3 de agosto comenzar\u00e1 el pago de sueldos al personal del Estado rionegrino. Ese d\u00eda, se depositar\u00e1n los haberes del sector de Salud, incluyendo las horas extras y guardias.<\/p>\n\n\n\n<p>El cronograma continuar\u00e1 el jueves 4 con el pago a los trabajadores de la Polic\u00eda y el Servicio Penitenciario, mientras que el viernes 5 ser\u00e1 el turno de docentes y porteros.<\/p>\n\n\n\n<p>El s\u00e1bado 6 se abonar\u00e1n los sueldos del personal incluido en la Ley 1844 y las pensiones de bomberos voluntarios, para culminar el martes 9 con los Poderes Judicial y Legislativo, y los organismos de control.<\/p>\n\n\n\n<p>Con este cronograma, polic\u00edas activos y retirados y trabajadores penitenciarios cobrar\u00e1n sus sueldos con el aumento dispuesto por el Gobierno Provincial. Ser\u00e1n los \u00fanicos sectores beneficiados con esta mejora salarial, teniendo en cuenta que los gremios ATE y UNTER rechazaron la oferta presentada.<\/p>\n<div class=\"fb-background-color\">\n\t\t\t  <div \n\t\t\t  \tclass = \"fb-comments\" \n\t\t\t  \tdata-href = \"https:\/\/www.elpolitologoyelpolitico.com.ar\/wordpress\/2022\/07\/26\/rio-negro-pagara-sueldos-entre-el-3-y-9-de-agosto\/\"\n\t\t\t  \tdata-numposts = \"10\"\n\t\t\t  \tdata-lazy = \"true\"\n\t\t\t\tdata-colorscheme = \"light\"\n\t\t\t\tdata-order-by = \"social\"\n\t\t\t\tdata-mobile=true>\n\t\t\t  <\/div><\/div>\n\t\t  <style>\n\t\t    .fb-background-color {\n\t\t\t\tbackground: #ffffff !important;\n\t\t\t}\n\t\t\t.fb_iframe_widget_fluid_desktop iframe {\n\t\t\t    width: 100% !important;\n\t\t\t}\n\t\t  <\/style>\n\t\t  ","protected":false},"excerpt":{"rendered":"<p>El pr\u00f3ximo mi\u00e9rcoles 3 de agosto comenzar\u00e1 el pago de sueldos al personal del Estado rionegrino. Ese d\u00eda, se depositar\u00e1n los haberes del sector de Salud, incluyendo las horas extras y guardias. El cronograma continuar\u00e1 el jueves 4 con el pago a los trabajadores de la Polic\u00eda y el Servicio Penitenciario, mientras que el viernes [&hellip;]<\/p>\n","protected":false},"author":4,"featured_media":22656,"comment_status":"closed","ping_status":"closed","sticky":false,"template":"","format":"standard","meta":{"_joinchat":[],"footnotes":""},"categories":[39],"tags":[],"class_list":["post-22655","post","type-post","status-publish","format-standard","has-post-thumbnail","hentry","category-en-esta-seccion"],"_links":{"self":[{"href":"https:\/\/www.elpolitologoyelpolitico.com.ar\/wordpress\/wp-json\/wp\/v2\/posts\/22655","targetHints":{"allow":["GET"]}}],"collection":[{"href":"https:\/\/www.elpolitologoyelpolitico.com.ar\/wordpress\/wp-json\/wp\/v2\/posts"}],"about":[{"href":"https:\/\/www.elpolitologoyelpolitico.com.ar\/wordpress\/wp-json\/wp\/v2\/types\/post"}],"author":[{"embeddable":true,"href":"https:\/\/www.elpolitologoyelpolitico.com.ar\/wordpress\/wp-json\/wp\/v2\/users\/4"}],"replies":[{"embeddable":true,"href":"https:\/\/www.elpolitologoyelpolitico.com.ar\/wordpress\/wp-json\/wp\/v2\/comments?post=22655"}],"version-history":[{"count":0,"href":"https:\/\/www.elpolitologoyelpolitico.com.ar\/wordpress\/wp-json\/wp\/v2\/posts\/22655\/revisions"}],"wp:featuredmedia":[{"embeddable":true,"href":"https:\/\/www.elpolitologoyelpolitico.com.ar\/wordpress\/wp-json\/wp\/v2\/media\/22656"}],"wp:attachment":[{"href":"https:\/\/www.elpolitologoyelpolitico.com.ar\/wordpress\/wp-json\/wp\/v2\/media?parent=22655"}],"wp:term":[{"taxonomy":"category","embeddable":true,"href":"https:\/\/www.elpolitologoyelpolitico.com.ar\/wordpress\/wp-json\/wp\/v2\/categories?post=22655"},{"taxonomy":"post_tag","embeddable":true,"href":"https:\/\/www.elpolitologoyelpolitico.com.ar\/wordpress\/wp-json\/wp\/v2\/tags?post=22655"}],"curies":[{"name":"wp","href":"https:\/\/api.w.org\/{rel}","templated":true}]}}