{"id":22651,"date":"2022-07-26T00:34:39","date_gmt":"2022-07-26T00:34:39","guid":{"rendered":"https:\/\/www.elpolitologoyelpolitico.com.ar\/wordpress\/?p=22651"},"modified":"2022-07-26T00:35:29","modified_gmt":"2022-07-26T00:35:29","slug":"viedma-hasta-manana-hay-tiempo-para-anotarse-a-la-instancia-local-de-futbol-en-los-juegos-evita-2022","status":"publish","type":"post","link":"https:\/\/www.elpolitologoyelpolitico.com.ar\/wordpress\/2022\/07\/26\/viedma-hasta-manana-hay-tiempo-para-anotarse-a-la-instancia-local-de-futbol-en-los-juegos-evita-2022\/","title":{"rendered":"Viedma: Hasta ma\u00f1ana hay tiempo para anotarse a la instancia local de futbol en los Juegos Evita 2022"},"content":{"rendered":"\n<p>El gobierno de Viedma junto a la Liga Atl\u00e1ntica Sur, abre las inscripciones para participar en la instancia clasificatoria local en f\u00fatbol, para los Juegos Nacionales Evita 2022.<\/p>\n\n\n\n<p>Hasta el 26 de julio a las 20hs se podr\u00e1 participar en esta etapa, que ser\u00e1 en categorias futbol 11 masculino Sub 14 (2008, 2009, 2010) f\u00fatbol 11 masculino Sub 16 (2006, 2007) y f\u00fatbol mixto Sub 14 (2009, 2010)<\/p>\n\n\n\n<p>Quienes deseen anotarse pueden hacerlo contactandose al mail ligabarriali\u2026@gmail.com, o a trav\u00e9s del n\u00famero de tel\u00e9fono 2920-649626 (Paola Hernandez) o al 2920-620277 (Juan Carlos Montivero).<\/p>\n\n\n\n<p>En esta etapa se invita a todos aquellos que quieran participar incluyendo escuelas, clubes, asociaciones, ligas y diferentes instituciones que quieran sumarse a la competencia.<\/p>\n\n\n\n<p>Esta instancia contar\u00e1 con el acompa\u00f1amiento del gobierno de Viedma y comenzar\u00e1 a desarrollarse el 30 de julio&nbsp; y finalizar\u00e1n el 14 de agosto en las canchas ubicadas en el ex vel\u00f3dromo municipal.<\/p>\n\n\n\n<p>Los Juegos Nacionales Evita son la principal competencia deportiva de Argentina y son organizados en todo el pa\u00eds por la Secretar\u00eda de Deportes del Ministerio de Turismo y Deportes de la Naci\u00f3n.<\/p>\n\n\n\n<p>Este programa deportivo re\u00fane 63 disciplinas y un sistema de competencias compuesto por dos etapas: un proceso clasificatorio en cada provincia en el que participan alrededor de 1 mill\u00f3n de ni\u00f1os, ni\u00f1as, j\u00f3venes y personas mayores de cada rinc\u00f3n del pa\u00eds y una fase final, dividida en cinco grandes eventos, a la que acceden 25 mil competidores.<\/p>\n<div class=\"fb-background-color\">\n\t\t\t  <div \n\t\t\t  \tclass = \"fb-comments\" \n\t\t\t  \tdata-href = \"https:\/\/www.elpolitologoyelpolitico.com.ar\/wordpress\/2022\/07\/26\/viedma-hasta-manana-hay-tiempo-para-anotarse-a-la-instancia-local-de-futbol-en-los-juegos-evita-2022\/\"\n\t\t\t  \tdata-numposts = \"10\"\n\t\t\t  \tdata-lazy = \"true\"\n\t\t\t\tdata-colorscheme = \"light\"\n\t\t\t\tdata-order-by = \"social\"\n\t\t\t\tdata-mobile=true>\n\t\t\t  <\/div><\/div>\n\t\t  <style>\n\t\t    .fb-background-color {\n\t\t\t\tbackground: #ffffff !important;\n\t\t\t}\n\t\t\t.fb_iframe_widget_fluid_desktop iframe {\n\t\t\t    width: 100% !important;\n\t\t\t}\n\t\t  <\/style>\n\t\t  ","protected":false},"excerpt":{"rendered":"<p>El gobierno de Viedma junto a la Liga Atl\u00e1ntica Sur, abre las inscripciones para participar en la instancia clasificatoria local en f\u00fatbol, para los Juegos Nacionales Evita 2022. Hasta el 26 de julio a las 20hs se podr\u00e1 participar en esta etapa, que ser\u00e1 en categorias futbol 11 masculino Sub 14 (2008, 2009, 2010) f\u00fatbol [&hellip;]<\/p>\n","protected":false},"author":4,"featured_media":22652,"comment_status":"closed","ping_status":"closed","sticky":false,"template":"","format":"standard","meta":{"_joinchat":[],"footnotes":""},"categories":[39],"tags":[],"class_list":["post-22651","post","type-post","status-publish","format-standard","has-post-thumbnail","hentry","category-en-esta-seccion"],"_links":{"self":[{"href":"https:\/\/www.elpolitologoyelpolitico.com.ar\/wordpress\/wp-json\/wp\/v2\/posts\/22651","targetHints":{"allow":["GET"]}}],"collection":[{"href":"https:\/\/www.elpolitologoyelpolitico.com.ar\/wordpress\/wp-json\/wp\/v2\/posts"}],"about":[{"href":"https:\/\/www.elpolitologoyelpolitico.com.ar\/wordpress\/wp-json\/wp\/v2\/types\/post"}],"author":[{"embeddable":true,"href":"https:\/\/www.elpolitologoyelpolitico.com.ar\/wordpress\/wp-json\/wp\/v2\/users\/4"}],"replies":[{"embeddable":true,"href":"https:\/\/www.elpolitologoyelpolitico.com.ar\/wordpress\/wp-json\/wp\/v2\/comments?post=22651"}],"version-history":[{"count":0,"href":"https:\/\/www.elpolitologoyelpolitico.com.ar\/wordpress\/wp-json\/wp\/v2\/posts\/22651\/revisions"}],"wp:featuredmedia":[{"embeddable":true,"href":"https:\/\/www.elpolitologoyelpolitico.com.ar\/wordpress\/wp-json\/wp\/v2\/media\/22652"}],"wp:attachment":[{"href":"https:\/\/www.elpolitologoyelpolitico.com.ar\/wordpress\/wp-json\/wp\/v2\/media?parent=22651"}],"wp:term":[{"taxonomy":"category","embeddable":true,"href":"https:\/\/www.elpolitologoyelpolitico.com.ar\/wordpress\/wp-json\/wp\/v2\/categories?post=22651"},{"taxonomy":"post_tag","embeddable":true,"href":"https:\/\/www.elpolitologoyelpolitico.com.ar\/wordpress\/wp-json\/wp\/v2\/tags?post=22651"}],"curies":[{"name":"wp","href":"https:\/\/api.w.org\/{rel}","templated":true}]}}