{"id":22639,"date":"2022-07-25T23:33:16","date_gmt":"2022-07-25T23:33:16","guid":{"rendered":"https:\/\/www.elpolitologoyelpolitico.com.ar\/wordpress\/?p=22639"},"modified":"2022-07-25T23:34:02","modified_gmt":"2022-07-25T23:34:02","slug":"gran-actividad-deportiva-y-cultural-en-las-vacaciones-viedmenses","status":"publish","type":"post","link":"https:\/\/www.elpolitologoyelpolitico.com.ar\/wordpress\/2022\/07\/25\/gran-actividad-deportiva-y-cultural-en-las-vacaciones-viedmenses\/","title":{"rendered":"Gran actividad deportiva y cultural en las vacaciones viedmenses"},"content":{"rendered":"\n<p>El gobierno de Viedma cerr\u00f3 otro fin de semana cargado de actividades para el esparcimiento y la recreaci\u00f3n en vacaciones<\/p>\n\n\n\n<p>En el sal\u00f3n anexo al gimnasio Cayetano Arias se desarroll\u00f3 el encuentro \u00abS\u00e1bados de vacaciones\u00bb, destinado a adultos mayores que disfrutaron de una jornada recreativa en la que se realizaron diversas actividades como newcom, tejo, baile, ajedrez y gimnasia.<\/p>\n\n\n\n<p>Con grupos de adultos mayores de los barrios Lavalle y Ceferino a los que se sumaron vecinas y vecinos de otros sectores de la ciudad se vivi\u00f3 un s\u00e1bado de esparcimiento para los m\u00e1s grandes.<\/p>\n\n\n\n<p>Adem\u00e1s, el fin de semana finalizaron las funciones del Fant\u00e1stico Show en el Centro Cultural. Una propuesta con payasos, baile, malabaristas, acr\u00f3batas que disfrutaron miles de chicos durante el receso.<\/p>\n\n\n\n<p>Por otra parte, durante el fin de semana el gobierno de Viedma acompa\u00f1\u00f3 una Masterclass de mini trampolines que se realiz\u00f3 en el gimnasio Fioravanti Ruggeri.<\/p>\n\n\n\n<figure class=\"wp-block-gallery has-nested-images columns-default is-cropped wp-block-gallery-1 is-layout-flex wp-block-gallery-is-layout-flex\">\n<figure class=\"wp-block-image size-large\"><img fetchpriority=\"high\" decoding=\"async\" width=\"720\" height=\"480\" data-id=\"22642\" src=\"https:\/\/www.elpolitologoyelpolitico.com.ar\/wp-content\/uploads\/2022\/07\/IMG-20220725-WA0009.jpg\" alt=\"\" class=\"wp-image-22642\" srcset=\"https:\/\/www.elpolitologoyelpolitico.com.ar\/wp-content\/uploads\/2022\/07\/IMG-20220725-WA0009.jpg 720w, https:\/\/www.elpolitologoyelpolitico.com.ar\/wp-content\/uploads\/2022\/07\/IMG-20220725-WA0009-300x200.jpg 300w\" sizes=\"(max-width: 720px) 100vw, 720px\" \/><\/figure>\n\n\n\n<figure class=\"wp-block-image size-large\"><img decoding=\"async\" width=\"720\" height=\"480\" data-id=\"22641\" src=\"https:\/\/www.elpolitologoyelpolitico.com.ar\/wp-content\/uploads\/2022\/07\/IMG-20220725-WA0008.jpg\" alt=\"\" class=\"wp-image-22641\" srcset=\"https:\/\/www.elpolitologoyelpolitico.com.ar\/wp-content\/uploads\/2022\/07\/IMG-20220725-WA0008.jpg 720w, https:\/\/www.elpolitologoyelpolitico.com.ar\/wp-content\/uploads\/2022\/07\/IMG-20220725-WA0008-300x200.jpg 300w\" sizes=\"(max-width: 720px) 100vw, 720px\" \/><\/figure>\n\n\n\n<figure class=\"wp-block-image size-large\"><img decoding=\"async\" width=\"720\" height=\"480\" data-id=\"22643\" src=\"https:\/\/www.elpolitologoyelpolitico.com.ar\/wp-content\/uploads\/2022\/07\/IMG-20220725-WA0006.jpg\" alt=\"\" class=\"wp-image-22643\" srcset=\"https:\/\/www.elpolitologoyelpolitico.com.ar\/wp-content\/uploads\/2022\/07\/IMG-20220725-WA0006.jpg 720w, https:\/\/www.elpolitologoyelpolitico.com.ar\/wp-content\/uploads\/2022\/07\/IMG-20220725-WA0006-300x200.jpg 300w\" sizes=\"(max-width: 720px) 100vw, 720px\" \/><\/figure>\n<\/figure>\n<div class=\"fb-background-color\">\n\t\t\t  <div \n\t\t\t  \tclass = \"fb-comments\" \n\t\t\t  \tdata-href = \"https:\/\/www.elpolitologoyelpolitico.com.ar\/wordpress\/2022\/07\/25\/gran-actividad-deportiva-y-cultural-en-las-vacaciones-viedmenses\/\"\n\t\t\t  \tdata-numposts = \"10\"\n\t\t\t  \tdata-lazy = \"true\"\n\t\t\t\tdata-colorscheme = \"light\"\n\t\t\t\tdata-order-by = \"social\"\n\t\t\t\tdata-mobile=true>\n\t\t\t  <\/div><\/div>\n\t\t  <style>\n\t\t    .fb-background-color {\n\t\t\t\tbackground: #ffffff !important;\n\t\t\t}\n\t\t\t.fb_iframe_widget_fluid_desktop iframe {\n\t\t\t    width: 100% !important;\n\t\t\t}\n\t\t  <\/style>\n\t\t  ","protected":false},"excerpt":{"rendered":"<p>El gobierno de Viedma cerr\u00f3 otro fin de semana cargado de actividades para el esparcimiento y la recreaci\u00f3n en vacaciones En el sal\u00f3n anexo al gimnasio Cayetano Arias se desarroll\u00f3 el encuentro \u00abS\u00e1bados de vacaciones\u00bb, destinado a adultos mayores que disfrutaron de una jornada recreativa en la que se realizaron diversas actividades como newcom, tejo, [&hellip;]<\/p>\n","protected":false},"author":4,"featured_media":22640,"comment_status":"closed","ping_status":"closed","sticky":false,"template":"","format":"standard","meta":{"_joinchat":[],"footnotes":""},"categories":[39],"tags":[],"class_list":["post-22639","post","type-post","status-publish","format-standard","has-post-thumbnail","hentry","category-en-esta-seccion"],"_links":{"self":[{"href":"https:\/\/www.elpolitologoyelpolitico.com.ar\/wordpress\/wp-json\/wp\/v2\/posts\/22639","targetHints":{"allow":["GET"]}}],"collection":[{"href":"https:\/\/www.elpolitologoyelpolitico.com.ar\/wordpress\/wp-json\/wp\/v2\/posts"}],"about":[{"href":"https:\/\/www.elpolitologoyelpolitico.com.ar\/wordpress\/wp-json\/wp\/v2\/types\/post"}],"author":[{"embeddable":true,"href":"https:\/\/www.elpolitologoyelpolitico.com.ar\/wordpress\/wp-json\/wp\/v2\/users\/4"}],"replies":[{"embeddable":true,"href":"https:\/\/www.elpolitologoyelpolitico.com.ar\/wordpress\/wp-json\/wp\/v2\/comments?post=22639"}],"version-history":[{"count":0,"href":"https:\/\/www.elpolitologoyelpolitico.com.ar\/wordpress\/wp-json\/wp\/v2\/posts\/22639\/revisions"}],"wp:featuredmedia":[{"embeddable":true,"href":"https:\/\/www.elpolitologoyelpolitico.com.ar\/wordpress\/wp-json\/wp\/v2\/media\/22640"}],"wp:attachment":[{"href":"https:\/\/www.elpolitologoyelpolitico.com.ar\/wordpress\/wp-json\/wp\/v2\/media?parent=22639"}],"wp:term":[{"taxonomy":"category","embeddable":true,"href":"https:\/\/www.elpolitologoyelpolitico.com.ar\/wordpress\/wp-json\/wp\/v2\/categories?post=22639"},{"taxonomy":"post_tag","embeddable":true,"href":"https:\/\/www.elpolitologoyelpolitico.com.ar\/wordpress\/wp-json\/wp\/v2\/tags?post=22639"}],"curies":[{"name":"wp","href":"https:\/\/api.w.org\/{rel}","templated":true}]}}