{"id":22633,"date":"2022-07-25T23:06:55","date_gmt":"2022-07-25T23:06:55","guid":{"rendered":"https:\/\/www.elpolitologoyelpolitico.com.ar\/wordpress\/?p=22633"},"modified":"2022-07-25T23:07:31","modified_gmt":"2022-07-25T23:07:31","slug":"el-intendente-zara-presidio-el-acto-de-licitacion-de-la-pavimentacion-de-la-avenida-luis-piedra-buena-de-bahia-san-blas","status":"publish","type":"post","link":"https:\/\/www.elpolitologoyelpolitico.com.ar\/wordpress\/2022\/07\/25\/el-intendente-zara-presidio-el-acto-de-licitacion-de-la-pavimentacion-de-la-avenida-luis-piedra-buena-de-bahia-san-blas\/","title":{"rendered":"El Intendente Zara presidi\u00f3 el acto de licitaci\u00f3n de la pavimentaci\u00f3n de la Avenida Luis Piedra Buena, de Bah\u00eda San Blas"},"content":{"rendered":"\n<p>El Intendente Municipal, Ing. Jos\u00e9 Luis Zara, encabez\u00f3 el acto licitatorio de la obra de pavimentaci\u00f3n de la Avenida Luis Piedra Buena, de la localidad de Bah\u00eda San Blas.&nbsp;<\/p>\n\n\n\n<p>Previo a la apertura de sobres, el mandatario destac\u00f3 que \u201ces una obra grande, es parte de la costanera\u201d y pidi\u00f3 la palabra del delegado, Marcelo Molteni, y del concejal de la villa tur\u00edstica, Ricardo Angos.&nbsp;<\/p>\n\n\n\n<p>\u201cEstoy muy contento porque en medio de esta crisis que se vive uno ve con satisfacci\u00f3n las palas cargadoras, camiones trabajando en San Blas, maquinas en el camino y llegar al municipio y encontrar esta apertura de sobres para una obra en la costanera, un lugar tan emblem\u00e1tico, estoy contento que se haga esto, de ser parte de este equipo de trabajo. Esto es producto de las gestiones que ha hecho el Intendente, Jos\u00e9 Luis Zara\u201d, expres\u00f3 Molteni.\u00a0<\/p>\n\n\n\n<figure class=\"wp-block-image size-full\"><img fetchpriority=\"high\" decoding=\"async\" width=\"720\" height=\"405\" src=\"https:\/\/www.elpolitologoyelpolitico.com.ar\/wp-content\/uploads\/2022\/07\/IMG-20220725-WA0005.jpg\" alt=\"\" class=\"wp-image-22635\" srcset=\"https:\/\/www.elpolitologoyelpolitico.com.ar\/wp-content\/uploads\/2022\/07\/IMG-20220725-WA0005.jpg 720w, https:\/\/www.elpolitologoyelpolitico.com.ar\/wp-content\/uploads\/2022\/07\/IMG-20220725-WA0005-300x169.jpg 300w\" sizes=\"(max-width: 720px) 100vw, 720px\" \/><\/figure>\n\n\n\n<p>A su turno, el concejal de Juntos, Ricardo Angos destac\u00f3 \u201cla sana costumbre de hacer las licitaciones\u201d y mencion\u00f3 las obras que se desarrollaron hasta el momento en la bah\u00eda.&nbsp;<\/p>\n\n\n\n<p>\u201cCuesta buscar los fondos pero los proyectos est\u00e1n y el intendente camina por todos lados buscando el financiamiento para que se concreten\u201d, asegur\u00f3 Angos.&nbsp;<\/p>\n\n\n\n<p>La obra de pavimentaci\u00f3n en la localidad de Bah\u00eda San Blas cuenta con un presupuesto oficial de m\u00e1s de 38 millones de pesos.<\/p>\n\n\n\n<p>Estuvieron presentes, el Secretario de Hacienda, Ricardo Teller\u00eda, el Secretario y Subsecretario de Obras P\u00fablicas, Jorge Isaac y Roberto Haure, respectivamente, el Secretario de Gobierno, Daniel Paredes, la Directora del Departamento de Compras, Claudia San Mart\u00edn, el Delegado de la localidad de Bah\u00eda San Blas, Marcelo Molteni, la presidente del bloque Juntos, Romina Colombi, junto al concejal del mismo espacio, Ricardo Angos.<\/p>\n\n\n\n<figure class=\"wp-block-image size-full\"><img decoding=\"async\" width=\"720\" height=\"405\" src=\"https:\/\/www.elpolitologoyelpolitico.com.ar\/wp-content\/uploads\/2022\/07\/IMG-20220725-WA0004.jpg\" alt=\"\" class=\"wp-image-22636\" srcset=\"https:\/\/www.elpolitologoyelpolitico.com.ar\/wp-content\/uploads\/2022\/07\/IMG-20220725-WA0004.jpg 720w, https:\/\/www.elpolitologoyelpolitico.com.ar\/wp-content\/uploads\/2022\/07\/IMG-20220725-WA0004-300x169.jpg 300w\" sizes=\"(max-width: 720px) 100vw, 720px\" \/><\/figure>\n<div class=\"fb-background-color\">\n\t\t\t  <div \n\t\t\t  \tclass = \"fb-comments\" \n\t\t\t  \tdata-href = \"https:\/\/www.elpolitologoyelpolitico.com.ar\/wordpress\/2022\/07\/25\/el-intendente-zara-presidio-el-acto-de-licitacion-de-la-pavimentacion-de-la-avenida-luis-piedra-buena-de-bahia-san-blas\/\"\n\t\t\t  \tdata-numposts = \"10\"\n\t\t\t  \tdata-lazy = \"true\"\n\t\t\t\tdata-colorscheme = \"light\"\n\t\t\t\tdata-order-by = \"social\"\n\t\t\t\tdata-mobile=true>\n\t\t\t  <\/div><\/div>\n\t\t  <style>\n\t\t    .fb-background-color {\n\t\t\t\tbackground: #ffffff !important;\n\t\t\t}\n\t\t\t.fb_iframe_widget_fluid_desktop iframe {\n\t\t\t    width: 100% !important;\n\t\t\t}\n\t\t  <\/style>\n\t\t  ","protected":false},"excerpt":{"rendered":"<p>El Intendente Municipal, Ing. Jos\u00e9 Luis Zara, encabez\u00f3 el acto licitatorio de la obra de pavimentaci\u00f3n de la Avenida Luis Piedra Buena, de la localidad de Bah\u00eda San Blas.&nbsp; Previo a la apertura de sobres, el mandatario destac\u00f3 que \u201ces una obra grande, es parte de la costanera\u201d y pidi\u00f3 la palabra del delegado, Marcelo [&hellip;]<\/p>\n","protected":false},"author":4,"featured_media":22634,"comment_status":"closed","ping_status":"closed","sticky":false,"template":"","format":"standard","meta":{"_joinchat":[],"footnotes":""},"categories":[4],"tags":[],"class_list":["post-22633","post","type-post","status-publish","format-standard","has-post-thumbnail","hentry","category-politicas-publicas"],"_links":{"self":[{"href":"https:\/\/www.elpolitologoyelpolitico.com.ar\/wordpress\/wp-json\/wp\/v2\/posts\/22633","targetHints":{"allow":["GET"]}}],"collection":[{"href":"https:\/\/www.elpolitologoyelpolitico.com.ar\/wordpress\/wp-json\/wp\/v2\/posts"}],"about":[{"href":"https:\/\/www.elpolitologoyelpolitico.com.ar\/wordpress\/wp-json\/wp\/v2\/types\/post"}],"author":[{"embeddable":true,"href":"https:\/\/www.elpolitologoyelpolitico.com.ar\/wordpress\/wp-json\/wp\/v2\/users\/4"}],"replies":[{"embeddable":true,"href":"https:\/\/www.elpolitologoyelpolitico.com.ar\/wordpress\/wp-json\/wp\/v2\/comments?post=22633"}],"version-history":[{"count":0,"href":"https:\/\/www.elpolitologoyelpolitico.com.ar\/wordpress\/wp-json\/wp\/v2\/posts\/22633\/revisions"}],"wp:featuredmedia":[{"embeddable":true,"href":"https:\/\/www.elpolitologoyelpolitico.com.ar\/wordpress\/wp-json\/wp\/v2\/media\/22634"}],"wp:attachment":[{"href":"https:\/\/www.elpolitologoyelpolitico.com.ar\/wordpress\/wp-json\/wp\/v2\/media?parent=22633"}],"wp:term":[{"taxonomy":"category","embeddable":true,"href":"https:\/\/www.elpolitologoyelpolitico.com.ar\/wordpress\/wp-json\/wp\/v2\/categories?post=22633"},{"taxonomy":"post_tag","embeddable":true,"href":"https:\/\/www.elpolitologoyelpolitico.com.ar\/wordpress\/wp-json\/wp\/v2\/tags?post=22633"}],"curies":[{"name":"wp","href":"https:\/\/api.w.org\/{rel}","templated":true}]}}