{"id":22628,"date":"2022-07-25T22:28:57","date_gmt":"2022-07-25T22:28:57","guid":{"rendered":"https:\/\/www.elpolitologoyelpolitico.com.ar\/wordpress\/?p=22628"},"modified":"2022-07-25T22:28:59","modified_gmt":"2022-07-25T22:28:59","slug":"se-licito-la-obra-de-ampliacion-del-hospital-eduardo-arancibia-de-villalonga","status":"publish","type":"post","link":"https:\/\/www.elpolitologoyelpolitico.com.ar\/wordpress\/2022\/07\/25\/se-licito-la-obra-de-ampliacion-del-hospital-eduardo-arancibia-de-villalonga\/","title":{"rendered":"Se licit\u00f3 la obra de ampliaci\u00f3n del hospital \u201cEduardo Arancibia\u201d de Villalonga"},"content":{"rendered":"\n<p>Ayer jueves, en el despacho municipal, el Intendente Jos\u00e9 Luis Zara presidi\u00f3 la apertura de sobres correspondientes a la licitaci\u00f3n de la obra de ampliaci\u00f3n del hospital \u201cDr. Eduardo Arancibia\u201d, de la localidad de Villalonga.&nbsp;<\/p>\n\n\n\n<p>Estuvieron presentes, el Secretario de Gobierno, Daniel Paredes, el Secretario y Subsecretario de Obras P\u00fablicas, Jorge Isaac y Roberto Haure, respectivamente, la delegada municipal, Valeria M\u00e9ndez, la Coordinadora de Programas Sanitarios, Lic Mabel Guzm\u00e1n, la Directora del Departamento de Compras, Claudia San Mart\u00edn, y el concejal de Juntos, Rosario Melluso.\u00a0<\/p>\n\n\n\n<figure class=\"wp-block-image size-full\"><img fetchpriority=\"high\" decoding=\"async\" width=\"720\" height=\"405\" src=\"https:\/\/www.elpolitologoyelpolitico.com.ar\/wp-content\/uploads\/2022\/07\/IMG-20220723-WA0014.jpg\" alt=\"\" class=\"wp-image-22630\" srcset=\"https:\/\/www.elpolitologoyelpolitico.com.ar\/wp-content\/uploads\/2022\/07\/IMG-20220723-WA0014.jpg 720w, https:\/\/www.elpolitologoyelpolitico.com.ar\/wp-content\/uploads\/2022\/07\/IMG-20220723-WA0014-300x169.jpg 300w\" sizes=\"(max-width: 720px) 100vw, 720px\" \/><\/figure>\n\n\n\n<p>\u201cEstamos felices de esta nueva licitaci\u00f3n, es una obra m\u00e1s para ofrecer una mejor atenci\u00f3n en el hospital de Villalonga\u201d, destac\u00f3 la delegada, Valeria M\u00e9ndez, previo a la apertura de sobres.&nbsp;<\/p>\n\n\n\n<p>Por su parte, el Intendente Zara se\u00f1al\u00f3: \u201cEstamos contentos porque es la tercer obra que licitamos en estos d\u00edas para los distintos hospitales del Distrito. Responden a las necesidades que tienen los servicios de salud\u201d.&nbsp;<\/p>\n\n\n\n<p>La obra contempla la construcci\u00f3n de 4 consultorios, sanitarios y sala de espera, y cuenta con un presupuesto oficial de m\u00e1s de 12 millones de pesos.<\/p>\n\n\n\n<figure class=\"wp-block-image size-full\"><img decoding=\"async\" width=\"720\" height=\"405\" src=\"https:\/\/www.elpolitologoyelpolitico.com.ar\/wp-content\/uploads\/2022\/07\/IMG-20220723-WA0015.jpg\" alt=\"\" class=\"wp-image-22631\" srcset=\"https:\/\/www.elpolitologoyelpolitico.com.ar\/wp-content\/uploads\/2022\/07\/IMG-20220723-WA0015.jpg 720w, https:\/\/www.elpolitologoyelpolitico.com.ar\/wp-content\/uploads\/2022\/07\/IMG-20220723-WA0015-300x169.jpg 300w\" sizes=\"(max-width: 720px) 100vw, 720px\" \/><\/figure>\n<div class=\"fb-background-color\">\n\t\t\t  <div \n\t\t\t  \tclass = \"fb-comments\" \n\t\t\t  \tdata-href = \"https:\/\/www.elpolitologoyelpolitico.com.ar\/wordpress\/2022\/07\/25\/se-licito-la-obra-de-ampliacion-del-hospital-eduardo-arancibia-de-villalonga\/\"\n\t\t\t  \tdata-numposts = \"10\"\n\t\t\t  \tdata-lazy = \"true\"\n\t\t\t\tdata-colorscheme = \"light\"\n\t\t\t\tdata-order-by = \"social\"\n\t\t\t\tdata-mobile=true>\n\t\t\t  <\/div><\/div>\n\t\t  <style>\n\t\t    .fb-background-color {\n\t\t\t\tbackground: #ffffff !important;\n\t\t\t}\n\t\t\t.fb_iframe_widget_fluid_desktop iframe {\n\t\t\t    width: 100% !important;\n\t\t\t}\n\t\t  <\/style>\n\t\t  ","protected":false},"excerpt":{"rendered":"<p>Ayer jueves, en el despacho municipal, el Intendente Jos\u00e9 Luis Zara presidi\u00f3 la apertura de sobres correspondientes a la licitaci\u00f3n de la obra de ampliaci\u00f3n del hospital \u201cDr. Eduardo Arancibia\u201d, de la localidad de Villalonga.&nbsp; Estuvieron presentes, el Secretario de Gobierno, Daniel Paredes, el Secretario y Subsecretario de Obras P\u00fablicas, Jorge Isaac y Roberto Haure, [&hellip;]<\/p>\n","protected":false},"author":4,"featured_media":22629,"comment_status":"closed","ping_status":"closed","sticky":false,"template":"","format":"standard","meta":{"_joinchat":[],"footnotes":""},"categories":[4],"tags":[],"class_list":["post-22628","post","type-post","status-publish","format-standard","has-post-thumbnail","hentry","category-politicas-publicas"],"_links":{"self":[{"href":"https:\/\/www.elpolitologoyelpolitico.com.ar\/wordpress\/wp-json\/wp\/v2\/posts\/22628","targetHints":{"allow":["GET"]}}],"collection":[{"href":"https:\/\/www.elpolitologoyelpolitico.com.ar\/wordpress\/wp-json\/wp\/v2\/posts"}],"about":[{"href":"https:\/\/www.elpolitologoyelpolitico.com.ar\/wordpress\/wp-json\/wp\/v2\/types\/post"}],"author":[{"embeddable":true,"href":"https:\/\/www.elpolitologoyelpolitico.com.ar\/wordpress\/wp-json\/wp\/v2\/users\/4"}],"replies":[{"embeddable":true,"href":"https:\/\/www.elpolitologoyelpolitico.com.ar\/wordpress\/wp-json\/wp\/v2\/comments?post=22628"}],"version-history":[{"count":0,"href":"https:\/\/www.elpolitologoyelpolitico.com.ar\/wordpress\/wp-json\/wp\/v2\/posts\/22628\/revisions"}],"wp:featuredmedia":[{"embeddable":true,"href":"https:\/\/www.elpolitologoyelpolitico.com.ar\/wordpress\/wp-json\/wp\/v2\/media\/22629"}],"wp:attachment":[{"href":"https:\/\/www.elpolitologoyelpolitico.com.ar\/wordpress\/wp-json\/wp\/v2\/media?parent=22628"}],"wp:term":[{"taxonomy":"category","embeddable":true,"href":"https:\/\/www.elpolitologoyelpolitico.com.ar\/wordpress\/wp-json\/wp\/v2\/categories?post=22628"},{"taxonomy":"post_tag","embeddable":true,"href":"https:\/\/www.elpolitologoyelpolitico.com.ar\/wordpress\/wp-json\/wp\/v2\/tags?post=22628"}],"curies":[{"name":"wp","href":"https:\/\/api.w.org\/{rel}","templated":true}]}}