{"id":22621,"date":"2022-07-23T15:47:51","date_gmt":"2022-07-23T15:47:51","guid":{"rendered":"https:\/\/www.elpolitologoyelpolitico.com.ar\/wordpress\/?p=22621"},"modified":"2022-07-23T15:49:29","modified_gmt":"2022-07-23T15:49:29","slug":"en-pradere-zara-visito-obras-y-se-reunio-con-instituciones-locales","status":"publish","type":"post","link":"https:\/\/www.elpolitologoyelpolitico.com.ar\/wordpress\/2022\/07\/23\/en-pradere-zara-visito-obras-y-se-reunio-con-instituciones-locales\/","title":{"rendered":"En Pradere, Zara visit\u00f3 obras y se reuni\u00f3 con instituciones locales"},"content":{"rendered":"\n<p>El Intendente Municipal, Ing. Jos\u00e9 Luis Zara, visit\u00f3 la localidad de Juan A. Pradere, recorri\u00f3 obras en marcha y se reuni\u00f3 con instituciones locales.&nbsp;<\/p>\n\n\n\n<p>En primer t\u00e9rmino, el jefe comunal mantuvo un encuentro en la delegaci\u00f3n municipal con referentes del Centro de Jubilados, a quienes hizo entrega de un aporte econ\u00f3mico, oportunamente solicitado.&nbsp;<\/p>\n\n\n\n<p>Luego, supervis\u00f3 la obra de refacci\u00f3n que se lleva adelante en la Escuela Primaria N\u00b0 22, de Colonia Barga, que contempla el recambio de la cubierta de teja existente por chapas H, galvanizado, y se ejecuta con fondos del Programa de Emergencia Educativa Edilicia, a pedido de las autoridades de la instituci\u00f3n.<\/p>\n\n\n\n<p>Adem\u00e1s, el jefe comunal visit\u00f3 el Jard\u00edn de Infantes N\u00ba 906, donde se colocaron juegos infantiles.&nbsp;<\/p>\n\n\n\n<p>Para finalizar su visita a la localidad, el Intendente Zara se acerc\u00f3 al lugar donde recientemente se coloc\u00f3 un nuevo Punto Limpio, para fomentar la separaci\u00f3n de residuos.<\/p>\n\n\n\n<figure class=\"wp-block-gallery has-nested-images columns-default is-cropped wp-block-gallery-1 is-layout-flex wp-block-gallery-is-layout-flex\">\n<figure class=\"wp-block-image size-large\"><img fetchpriority=\"high\" decoding=\"async\" width=\"720\" height=\"324\" data-id=\"22623\" src=\"https:\/\/www.elpolitologoyelpolitico.com.ar\/wp-content\/uploads\/2022\/07\/IMG-20220723-WA0011.jpg\" alt=\"\" class=\"wp-image-22623\" srcset=\"https:\/\/www.elpolitologoyelpolitico.com.ar\/wp-content\/uploads\/2022\/07\/IMG-20220723-WA0011.jpg 720w, https:\/\/www.elpolitologoyelpolitico.com.ar\/wp-content\/uploads\/2022\/07\/IMG-20220723-WA0011-300x135.jpg 300w\" sizes=\"(max-width: 720px) 100vw, 720px\" \/><\/figure>\n\n\n\n<figure class=\"wp-block-image size-large\"><img decoding=\"async\" width=\"720\" height=\"318\" data-id=\"22624\" src=\"https:\/\/www.elpolitologoyelpolitico.com.ar\/wp-content\/uploads\/2022\/07\/IMG-20220723-WA0012.jpg\" alt=\"\" class=\"wp-image-22624\" srcset=\"https:\/\/www.elpolitologoyelpolitico.com.ar\/wp-content\/uploads\/2022\/07\/IMG-20220723-WA0012.jpg 720w, https:\/\/www.elpolitologoyelpolitico.com.ar\/wp-content\/uploads\/2022\/07\/IMG-20220723-WA0012-300x133.jpg 300w\" sizes=\"(max-width: 720px) 100vw, 720px\" \/><\/figure>\n<\/figure>\n<div class=\"fb-background-color\">\n\t\t\t  <div \n\t\t\t  \tclass = \"fb-comments\" \n\t\t\t  \tdata-href = \"https:\/\/www.elpolitologoyelpolitico.com.ar\/wordpress\/2022\/07\/23\/en-pradere-zara-visito-obras-y-se-reunio-con-instituciones-locales\/\"\n\t\t\t  \tdata-numposts = \"10\"\n\t\t\t  \tdata-lazy = \"true\"\n\t\t\t\tdata-colorscheme = \"light\"\n\t\t\t\tdata-order-by = \"social\"\n\t\t\t\tdata-mobile=true>\n\t\t\t  <\/div><\/div>\n\t\t  <style>\n\t\t    .fb-background-color {\n\t\t\t\tbackground: #ffffff !important;\n\t\t\t}\n\t\t\t.fb_iframe_widget_fluid_desktop iframe {\n\t\t\t    width: 100% !important;\n\t\t\t}\n\t\t  <\/style>\n\t\t  ","protected":false},"excerpt":{"rendered":"<p>El Intendente Municipal, Ing. Jos\u00e9 Luis Zara, visit\u00f3 la localidad de Juan A. Pradere, recorri\u00f3 obras en marcha y se reuni\u00f3 con instituciones locales.&nbsp; En primer t\u00e9rmino, el jefe comunal mantuvo un encuentro en la delegaci\u00f3n municipal con referentes del Centro de Jubilados, a quienes hizo entrega de un aporte econ\u00f3mico, oportunamente solicitado.&nbsp; Luego, supervis\u00f3 [&hellip;]<\/p>\n","protected":false},"author":4,"featured_media":22622,"comment_status":"closed","ping_status":"closed","sticky":false,"template":"","format":"standard","meta":{"_joinchat":[],"footnotes":""},"categories":[39],"tags":[],"class_list":["post-22621","post","type-post","status-publish","format-standard","has-post-thumbnail","hentry","category-en-esta-seccion"],"_links":{"self":[{"href":"https:\/\/www.elpolitologoyelpolitico.com.ar\/wordpress\/wp-json\/wp\/v2\/posts\/22621","targetHints":{"allow":["GET"]}}],"collection":[{"href":"https:\/\/www.elpolitologoyelpolitico.com.ar\/wordpress\/wp-json\/wp\/v2\/posts"}],"about":[{"href":"https:\/\/www.elpolitologoyelpolitico.com.ar\/wordpress\/wp-json\/wp\/v2\/types\/post"}],"author":[{"embeddable":true,"href":"https:\/\/www.elpolitologoyelpolitico.com.ar\/wordpress\/wp-json\/wp\/v2\/users\/4"}],"replies":[{"embeddable":true,"href":"https:\/\/www.elpolitologoyelpolitico.com.ar\/wordpress\/wp-json\/wp\/v2\/comments?post=22621"}],"version-history":[{"count":0,"href":"https:\/\/www.elpolitologoyelpolitico.com.ar\/wordpress\/wp-json\/wp\/v2\/posts\/22621\/revisions"}],"wp:featuredmedia":[{"embeddable":true,"href":"https:\/\/www.elpolitologoyelpolitico.com.ar\/wordpress\/wp-json\/wp\/v2\/media\/22622"}],"wp:attachment":[{"href":"https:\/\/www.elpolitologoyelpolitico.com.ar\/wordpress\/wp-json\/wp\/v2\/media?parent=22621"}],"wp:term":[{"taxonomy":"category","embeddable":true,"href":"https:\/\/www.elpolitologoyelpolitico.com.ar\/wordpress\/wp-json\/wp\/v2\/categories?post=22621"},{"taxonomy":"post_tag","embeddable":true,"href":"https:\/\/www.elpolitologoyelpolitico.com.ar\/wordpress\/wp-json\/wp\/v2\/tags?post=22621"}],"curies":[{"name":"wp","href":"https:\/\/api.w.org\/{rel}","templated":true}]}}