{"id":22615,"date":"2022-07-22T17:06:05","date_gmt":"2022-07-22T17:06:05","guid":{"rendered":"https:\/\/www.elpolitologoyelpolitico.com.ar\/wordpress\/?p=22615"},"modified":"2022-07-22T17:06:48","modified_gmt":"2022-07-22T17:06:48","slug":"rio-negro-importante-reunion-para-proyectar-la-agenda-deportiva-2022","status":"publish","type":"post","link":"https:\/\/www.elpolitologoyelpolitico.com.ar\/wordpress\/2022\/07\/22\/rio-negro-importante-reunion-para-proyectar-la-agenda-deportiva-2022\/","title":{"rendered":"Rio Negro: Importante reuni\u00f3n para proyectar la Agenda Deportiva 2022"},"content":{"rendered":"\n<p>En un encuentro que estuvieron presentes la ministra de Turismo y Deporte, Martha V\u00e9lez, el secretario de Deporte, Diego Rosati, la subsecretaria de Coordinaci\u00f3n Deportiva, Natalia Mildenberger, el subsecretario de Coordinaci\u00f3n y Deporte Federado, Nahuel Astutti y el subsecretario de Deporte Comunitario, Dardo Etchepare analizaron la agenda deportiva para lo que queda de este 2022.&nbsp;<\/p>\n\n\n\n<p>Son varias las actividades para esta segunda parte del a\u00f1o tanto a Nivel Provincial, Nacional e Internacional.&nbsp;<\/p>\n\n\n\n<p>Algunos de los temas a tratar fueron los juegos Para-Epade y Para- Araucan\u00eda 2022, los juegos rionegrinos, entre otros.<\/p>\n\n\n\n<figure class=\"wp-block-gallery has-nested-images columns-default is-cropped wp-block-gallery-1 is-layout-flex wp-block-gallery-is-layout-flex\">\n<figure class=\"wp-block-image size-large\"><img fetchpriority=\"high\" decoding=\"async\" width=\"720\" height=\"462\" data-id=\"22617\" src=\"https:\/\/www.elpolitologoyelpolitico.com.ar\/wp-content\/uploads\/2022\/07\/IMG-20220721-WA0029.jpg\" alt=\"\" class=\"wp-image-22617\" srcset=\"https:\/\/www.elpolitologoyelpolitico.com.ar\/wp-content\/uploads\/2022\/07\/IMG-20220721-WA0029.jpg 720w, https:\/\/www.elpolitologoyelpolitico.com.ar\/wp-content\/uploads\/2022\/07\/IMG-20220721-WA0029-300x193.jpg 300w\" sizes=\"(max-width: 720px) 100vw, 720px\" \/><\/figure>\n\n\n\n<figure class=\"wp-block-image size-large\"><img decoding=\"async\" width=\"720\" height=\"438\" data-id=\"22618\" src=\"https:\/\/www.elpolitologoyelpolitico.com.ar\/wp-content\/uploads\/2022\/07\/IMG-20220721-WA0028.jpg\" alt=\"\" class=\"wp-image-22618\" srcset=\"https:\/\/www.elpolitologoyelpolitico.com.ar\/wp-content\/uploads\/2022\/07\/IMG-20220721-WA0028.jpg 720w, https:\/\/www.elpolitologoyelpolitico.com.ar\/wp-content\/uploads\/2022\/07\/IMG-20220721-WA0028-300x183.jpg 300w\" sizes=\"(max-width: 720px) 100vw, 720px\" \/><\/figure>\n<\/figure>\n<div class=\"fb-background-color\">\n\t\t\t  <div \n\t\t\t  \tclass = \"fb-comments\" \n\t\t\t  \tdata-href = \"https:\/\/www.elpolitologoyelpolitico.com.ar\/wordpress\/2022\/07\/22\/rio-negro-importante-reunion-para-proyectar-la-agenda-deportiva-2022\/\"\n\t\t\t  \tdata-numposts = \"10\"\n\t\t\t  \tdata-lazy = \"true\"\n\t\t\t\tdata-colorscheme = \"light\"\n\t\t\t\tdata-order-by = \"social\"\n\t\t\t\tdata-mobile=true>\n\t\t\t  <\/div><\/div>\n\t\t  <style>\n\t\t    .fb-background-color {\n\t\t\t\tbackground: #ffffff !important;\n\t\t\t}\n\t\t\t.fb_iframe_widget_fluid_desktop iframe {\n\t\t\t    width: 100% !important;\n\t\t\t}\n\t\t  <\/style>\n\t\t  ","protected":false},"excerpt":{"rendered":"<p>En un encuentro que estuvieron presentes la ministra de Turismo y Deporte, Martha V\u00e9lez, el secretario de Deporte, Diego Rosati, la subsecretaria de Coordinaci\u00f3n Deportiva, Natalia Mildenberger, el subsecretario de Coordinaci\u00f3n y Deporte Federado, Nahuel Astutti y el subsecretario de Deporte Comunitario, Dardo Etchepare analizaron la agenda deportiva para lo que queda de este 2022.&nbsp; [&hellip;]<\/p>\n","protected":false},"author":4,"featured_media":22616,"comment_status":"closed","ping_status":"closed","sticky":false,"template":"","format":"standard","meta":{"_joinchat":[],"footnotes":""},"categories":[4],"tags":[],"class_list":["post-22615","post","type-post","status-publish","format-standard","has-post-thumbnail","hentry","category-politicas-publicas"],"_links":{"self":[{"href":"https:\/\/www.elpolitologoyelpolitico.com.ar\/wordpress\/wp-json\/wp\/v2\/posts\/22615","targetHints":{"allow":["GET"]}}],"collection":[{"href":"https:\/\/www.elpolitologoyelpolitico.com.ar\/wordpress\/wp-json\/wp\/v2\/posts"}],"about":[{"href":"https:\/\/www.elpolitologoyelpolitico.com.ar\/wordpress\/wp-json\/wp\/v2\/types\/post"}],"author":[{"embeddable":true,"href":"https:\/\/www.elpolitologoyelpolitico.com.ar\/wordpress\/wp-json\/wp\/v2\/users\/4"}],"replies":[{"embeddable":true,"href":"https:\/\/www.elpolitologoyelpolitico.com.ar\/wordpress\/wp-json\/wp\/v2\/comments?post=22615"}],"version-history":[{"count":0,"href":"https:\/\/www.elpolitologoyelpolitico.com.ar\/wordpress\/wp-json\/wp\/v2\/posts\/22615\/revisions"}],"wp:featuredmedia":[{"embeddable":true,"href":"https:\/\/www.elpolitologoyelpolitico.com.ar\/wordpress\/wp-json\/wp\/v2\/media\/22616"}],"wp:attachment":[{"href":"https:\/\/www.elpolitologoyelpolitico.com.ar\/wordpress\/wp-json\/wp\/v2\/media?parent=22615"}],"wp:term":[{"taxonomy":"category","embeddable":true,"href":"https:\/\/www.elpolitologoyelpolitico.com.ar\/wordpress\/wp-json\/wp\/v2\/categories?post=22615"},{"taxonomy":"post_tag","embeddable":true,"href":"https:\/\/www.elpolitologoyelpolitico.com.ar\/wordpress\/wp-json\/wp\/v2\/tags?post=22615"}],"curies":[{"name":"wp","href":"https:\/\/api.w.org\/{rel}","templated":true}]}}