{"id":22606,"date":"2022-07-22T14:30:12","date_gmt":"2022-07-22T14:30:12","guid":{"rendered":"https:\/\/www.elpolitologoyelpolitico.com.ar\/wordpress\/?p=22606"},"modified":"2022-07-22T14:31:53","modified_gmt":"2022-07-22T14:31:53","slug":"campana-de-donacion-de-insumos-para-el-grupo-de-tejido-del-servicio-de-salud-mental","status":"publish","type":"post","link":"https:\/\/www.elpolitologoyelpolitico.com.ar\/wordpress\/2022\/07\/22\/campana-de-donacion-de-insumos-para-el-grupo-de-tejido-del-servicio-de-salud-mental\/","title":{"rendered":"Campa\u00f1a de donaci\u00f3n de insumos para el grupo de Tejido, del Servicio de Salud Mental"},"content":{"rendered":"\n<p>La Secretar\u00eda de Salud, a trav\u00e9s del Servicio de Salud Mental, informa a la comunidad que se puso en marcha la \u00abCampa\u00f1a de donaci\u00f3n de insumos\u00bb destinada al grupo de Tejido.&nbsp;<\/p>\n\n\n\n<p>Quienes deseen colaborar, pueden donar agujas crochet, agujas de tejer, hilos, lanas, totora, etc.&nbsp;<\/p>\n\n\n\n<p>El espacio de tejido est\u00e1 integrado por un grupo de pacientes y vecinos que se re\u00fanen los d\u00edas mi\u00e9rcoles, a las 15 horas, &nbsp; en la sede del Servicio de Salud Mental. En inmediaciones del hospital \u00abDr. Pedro Ecay\u00bb.&nbsp;<\/p>\n\n\n\n<p>All\u00ed se pueden acercar las colaboraciones y conocer el proyecto, abierto a la comunidad.<\/p>\n<div class=\"fb-background-color\">\n\t\t\t  <div \n\t\t\t  \tclass = \"fb-comments\" \n\t\t\t  \tdata-href = \"https:\/\/www.elpolitologoyelpolitico.com.ar\/wordpress\/2022\/07\/22\/campana-de-donacion-de-insumos-para-el-grupo-de-tejido-del-servicio-de-salud-mental\/\"\n\t\t\t  \tdata-numposts = \"10\"\n\t\t\t  \tdata-lazy = \"true\"\n\t\t\t\tdata-colorscheme = \"light\"\n\t\t\t\tdata-order-by = \"social\"\n\t\t\t\tdata-mobile=true>\n\t\t\t  <\/div><\/div>\n\t\t  <style>\n\t\t    .fb-background-color {\n\t\t\t\tbackground: #ffffff !important;\n\t\t\t}\n\t\t\t.fb_iframe_widget_fluid_desktop iframe {\n\t\t\t    width: 100% !important;\n\t\t\t}\n\t\t  <\/style>\n\t\t  ","protected":false},"excerpt":{"rendered":"<p>La Secretar\u00eda de Salud, a trav\u00e9s del Servicio de Salud Mental, informa a la comunidad que se puso en marcha la \u00abCampa\u00f1a de donaci\u00f3n de insumos\u00bb destinada al grupo de Tejido.&nbsp; Quienes deseen colaborar, pueden donar agujas crochet, agujas de tejer, hilos, lanas, totora, etc.&nbsp; El espacio de tejido est\u00e1 integrado por un grupo de [&hellip;]<\/p>\n","protected":false},"author":4,"featured_media":22607,"comment_status":"closed","ping_status":"closed","sticky":false,"template":"","format":"standard","meta":{"_joinchat":[],"footnotes":""},"categories":[39],"tags":[],"class_list":["post-22606","post","type-post","status-publish","format-standard","has-post-thumbnail","hentry","category-en-esta-seccion"],"_links":{"self":[{"href":"https:\/\/www.elpolitologoyelpolitico.com.ar\/wordpress\/wp-json\/wp\/v2\/posts\/22606","targetHints":{"allow":["GET"]}}],"collection":[{"href":"https:\/\/www.elpolitologoyelpolitico.com.ar\/wordpress\/wp-json\/wp\/v2\/posts"}],"about":[{"href":"https:\/\/www.elpolitologoyelpolitico.com.ar\/wordpress\/wp-json\/wp\/v2\/types\/post"}],"author":[{"embeddable":true,"href":"https:\/\/www.elpolitologoyelpolitico.com.ar\/wordpress\/wp-json\/wp\/v2\/users\/4"}],"replies":[{"embeddable":true,"href":"https:\/\/www.elpolitologoyelpolitico.com.ar\/wordpress\/wp-json\/wp\/v2\/comments?post=22606"}],"version-history":[{"count":0,"href":"https:\/\/www.elpolitologoyelpolitico.com.ar\/wordpress\/wp-json\/wp\/v2\/posts\/22606\/revisions"}],"wp:featuredmedia":[{"embeddable":true,"href":"https:\/\/www.elpolitologoyelpolitico.com.ar\/wordpress\/wp-json\/wp\/v2\/media\/22607"}],"wp:attachment":[{"href":"https:\/\/www.elpolitologoyelpolitico.com.ar\/wordpress\/wp-json\/wp\/v2\/media?parent=22606"}],"wp:term":[{"taxonomy":"category","embeddable":true,"href":"https:\/\/www.elpolitologoyelpolitico.com.ar\/wordpress\/wp-json\/wp\/v2\/categories?post=22606"},{"taxonomy":"post_tag","embeddable":true,"href":"https:\/\/www.elpolitologoyelpolitico.com.ar\/wordpress\/wp-json\/wp\/v2\/tags?post=22606"}],"curies":[{"name":"wp","href":"https:\/\/api.w.org\/{rel}","templated":true}]}}