{"id":22599,"date":"2022-07-22T02:25:10","date_gmt":"2022-07-22T02:25:10","guid":{"rendered":"https:\/\/www.elpolitologoyelpolitico.com.ar\/wordpress\/?p=22599"},"modified":"2022-07-22T02:25:44","modified_gmt":"2022-07-22T02:25:44","slug":"a-123-anos-de-la-gran-inundacion","status":"publish","type":"post","link":"https:\/\/www.elpolitologoyelpolitico.com.ar\/wordpress\/2022\/07\/22\/a-123-anos-de-la-gran-inundacion\/","title":{"rendered":"A 123 a\u00f1os de la gran inundaci\u00f3n"},"content":{"rendered":"\n<p>El 21 de julio de 1899 Viedma fue arrasada por la m\u00e1s importante inundaci\u00f3n de la que se tenga registro en la zona. Las aguas del R\u00edo Negro ingresaron desde el sur y llegaron a una altura superior a los cuatro metros en algunos sectores. La mayor\u00eda de los edificios de la ciudad que ya ten\u00eda 120 a\u00f1os de historia colapsaron por el fen\u00f3meno.<\/p>\n\n\n\n<p>Como consecuencia del evento natural Viedma perdi\u00f3 su condici\u00f3n de Capital del Territorio Nacional de Rio Negro y su reconstrucci\u00f3n a primera vista parec\u00eda imposible. Sin embargo, los viedmenses apelaron a la resiliencia y no bajaron sus brazos. Reconstruyeron ladrillo por ladrillo cada casa, cada hogar que la gran inundaci\u00f3n les hab\u00eda arrebatado. Lucharon para recuperar la Capital que hab\u00eda comenzado a funcionar en Choele Choel y lograron construir la defensa a lo largo del r\u00edo para protegerse de nuevos embates del majestuoso Curr\u00fa Leuv\u00fa.<\/p>\n\n\n\n<p>Diez a\u00f1os despu\u00e9s de ese episodio que marc\u00f3 parte de la historia local, se inaugur\u00f3 el actual edificio Municipal y m\u00e1s tarde la primera Escuela Normal Mixta de la Patagonia.<\/p>\n\n\n\n<p>De la inundaci\u00f3n, los viedmenses salieron con m\u00e1s fuerza y m\u00e1s grandeza. Fue una lecci\u00f3n de amor y compromiso hacia la comunidad, y una ense\u00f1anza para las generaciones posteriores, actuales y futuras, de que a\u00fan de las mayores de las adversidades siempre se encuentra la salida cuando hay con qu\u00e9. Y vaya si los viedmenses tienen con qu\u00e9!<\/p>\n\n\n\n<figure class=\"wp-block-gallery has-nested-images columns-default is-cropped wp-block-gallery-1 is-layout-flex wp-block-gallery-is-layout-flex\">\n<figure class=\"wp-block-image size-large\"><img fetchpriority=\"high\" decoding=\"async\" width=\"720\" height=\"720\" data-id=\"22601\" src=\"https:\/\/www.elpolitologoyelpolitico.com.ar\/wp-content\/uploads\/2022\/07\/IMG-20220721-WA0023.jpg\" alt=\"\" class=\"wp-image-22601\" srcset=\"https:\/\/www.elpolitologoyelpolitico.com.ar\/wp-content\/uploads\/2022\/07\/IMG-20220721-WA0023.jpg 720w, https:\/\/www.elpolitologoyelpolitico.com.ar\/wp-content\/uploads\/2022\/07\/IMG-20220721-WA0023-300x300.jpg 300w, https:\/\/www.elpolitologoyelpolitico.com.ar\/wp-content\/uploads\/2022\/07\/IMG-20220721-WA0023-150x150.jpg 150w\" sizes=\"(max-width: 720px) 100vw, 720px\" \/><\/figure>\n\n\n\n<figure class=\"wp-block-image size-large\"><img decoding=\"async\" width=\"720\" height=\"464\" data-id=\"22602\" src=\"https:\/\/www.elpolitologoyelpolitico.com.ar\/wp-content\/uploads\/2022\/07\/IMG-20220721-WA0021.jpg\" alt=\"\" class=\"wp-image-22602\" srcset=\"https:\/\/www.elpolitologoyelpolitico.com.ar\/wp-content\/uploads\/2022\/07\/IMG-20220721-WA0021.jpg 720w, https:\/\/www.elpolitologoyelpolitico.com.ar\/wp-content\/uploads\/2022\/07\/IMG-20220721-WA0021-300x193.jpg 300w\" sizes=\"(max-width: 720px) 100vw, 720px\" \/><\/figure>\n\n\n\n<figure class=\"wp-block-image size-large\"><img decoding=\"async\" width=\"720\" height=\"720\" data-id=\"22603\" src=\"https:\/\/www.elpolitologoyelpolitico.com.ar\/wp-content\/uploads\/2022\/07\/IMG-20220721-WA0022.jpg\" alt=\"\" class=\"wp-image-22603\" srcset=\"https:\/\/www.elpolitologoyelpolitico.com.ar\/wp-content\/uploads\/2022\/07\/IMG-20220721-WA0022.jpg 720w, https:\/\/www.elpolitologoyelpolitico.com.ar\/wp-content\/uploads\/2022\/07\/IMG-20220721-WA0022-300x300.jpg 300w, https:\/\/www.elpolitologoyelpolitico.com.ar\/wp-content\/uploads\/2022\/07\/IMG-20220721-WA0022-150x150.jpg 150w\" sizes=\"(max-width: 720px) 100vw, 720px\" \/><\/figure>\n<\/figure>\n<div class=\"fb-background-color\">\n\t\t\t  <div \n\t\t\t  \tclass = \"fb-comments\" \n\t\t\t  \tdata-href = \"https:\/\/www.elpolitologoyelpolitico.com.ar\/wordpress\/2022\/07\/22\/a-123-anos-de-la-gran-inundacion\/\"\n\t\t\t  \tdata-numposts = \"10\"\n\t\t\t  \tdata-lazy = \"true\"\n\t\t\t\tdata-colorscheme = \"light\"\n\t\t\t\tdata-order-by = \"social\"\n\t\t\t\tdata-mobile=true>\n\t\t\t  <\/div><\/div>\n\t\t  <style>\n\t\t    .fb-background-color {\n\t\t\t\tbackground: #ffffff !important;\n\t\t\t}\n\t\t\t.fb_iframe_widget_fluid_desktop iframe {\n\t\t\t    width: 100% !important;\n\t\t\t}\n\t\t  <\/style>\n\t\t  ","protected":false},"excerpt":{"rendered":"<p>El 21 de julio de 1899 Viedma fue arrasada por la m\u00e1s importante inundaci\u00f3n de la que se tenga registro en la zona. Las aguas del R\u00edo Negro ingresaron desde el sur y llegaron a una altura superior a los cuatro metros en algunos sectores. La mayor\u00eda de los edificios de la ciudad que ya [&hellip;]<\/p>\n","protected":false},"author":4,"featured_media":22600,"comment_status":"closed","ping_status":"closed","sticky":false,"template":"","format":"standard","meta":{"_joinchat":[],"footnotes":""},"categories":[39],"tags":[],"class_list":["post-22599","post","type-post","status-publish","format-standard","has-post-thumbnail","hentry","category-en-esta-seccion"],"_links":{"self":[{"href":"https:\/\/www.elpolitologoyelpolitico.com.ar\/wordpress\/wp-json\/wp\/v2\/posts\/22599","targetHints":{"allow":["GET"]}}],"collection":[{"href":"https:\/\/www.elpolitologoyelpolitico.com.ar\/wordpress\/wp-json\/wp\/v2\/posts"}],"about":[{"href":"https:\/\/www.elpolitologoyelpolitico.com.ar\/wordpress\/wp-json\/wp\/v2\/types\/post"}],"author":[{"embeddable":true,"href":"https:\/\/www.elpolitologoyelpolitico.com.ar\/wordpress\/wp-json\/wp\/v2\/users\/4"}],"replies":[{"embeddable":true,"href":"https:\/\/www.elpolitologoyelpolitico.com.ar\/wordpress\/wp-json\/wp\/v2\/comments?post=22599"}],"version-history":[{"count":0,"href":"https:\/\/www.elpolitologoyelpolitico.com.ar\/wordpress\/wp-json\/wp\/v2\/posts\/22599\/revisions"}],"wp:featuredmedia":[{"embeddable":true,"href":"https:\/\/www.elpolitologoyelpolitico.com.ar\/wordpress\/wp-json\/wp\/v2\/media\/22600"}],"wp:attachment":[{"href":"https:\/\/www.elpolitologoyelpolitico.com.ar\/wordpress\/wp-json\/wp\/v2\/media?parent=22599"}],"wp:term":[{"taxonomy":"category","embeddable":true,"href":"https:\/\/www.elpolitologoyelpolitico.com.ar\/wordpress\/wp-json\/wp\/v2\/categories?post=22599"},{"taxonomy":"post_tag","embeddable":true,"href":"https:\/\/www.elpolitologoyelpolitico.com.ar\/wordpress\/wp-json\/wp\/v2\/tags?post=22599"}],"curies":[{"name":"wp","href":"https:\/\/api.w.org\/{rel}","templated":true}]}}