{"id":22593,"date":"2022-07-22T01:39:45","date_gmt":"2022-07-22T01:39:45","guid":{"rendered":"https:\/\/www.elpolitologoyelpolitico.com.ar\/wordpress\/?p=22593"},"modified":"2022-07-22T01:44:18","modified_gmt":"2022-07-22T01:44:18","slug":"rio-negro-ya-palpita-una-nueva-fecha-del-campeonato-nacional-de-aguas-frias","status":"publish","type":"post","link":"https:\/\/www.elpolitologoyelpolitico.com.ar\/wordpress\/2022\/07\/22\/rio-negro-ya-palpita-una-nueva-fecha-del-campeonato-nacional-de-aguas-frias\/","title":{"rendered":"R\u00edo Negro ya palpita una nueva fecha del Campeonato Nacional de Aguas Fr\u00edas"},"content":{"rendered":"\n<p>Este fin de semana en Viedma tendr\u00e1 lugar la d\u00e9cima fecha del certamen, d\u00f3nde nadadores y nadadoras de todo el pa\u00eds afrontar\u00e1n temperaturas en el agua de menos de 6\u00baC, en un espect\u00e1culo deportivo imperdible.<\/p>\n\n\n\n<p>Las actividades comenzar\u00e1n el s\u00e1bado con la aclimataci\u00f3n de los y las competidoras a las temperaturas del agua y el domingo alrededor del mediod\u00eda se dar\u00e1 inicio a la competencia. Todo esto con la Escuelas N\u00e1utica Provincial viedmense como epicentro.<\/p>\n\n\n\n<figure class=\"wp-block-image size-full\"><img fetchpriority=\"high\" decoding=\"async\" width=\"750\" height=\"421\" src=\"https:\/\/www.elpolitologoyelpolitico.com.ar\/wp-content\/uploads\/2022\/07\/IMG-20220721-WA0017.jpg\" alt=\"\" class=\"wp-image-22595\" srcset=\"https:\/\/www.elpolitologoyelpolitico.com.ar\/wp-content\/uploads\/2022\/07\/IMG-20220721-WA0017.jpg 750w, https:\/\/www.elpolitologoyelpolitico.com.ar\/wp-content\/uploads\/2022\/07\/IMG-20220721-WA0017-300x168.jpg 300w\" sizes=\"(max-width: 750px) 100vw, 750px\" \/><\/figure>\n\n\n\n<p>Las distancias de participaci\u00f3n, al igual que en a\u00f1os anteriores, ser\u00e1n de 500, 1000 y 2000 metros con o sin traje de neoprene para hombres y mujeres de m\u00e1s de 18 a\u00f1os y sin l\u00edmite de edad.<\/p>\n\n\n\n<p>Cabe destacar que ser\u00e1 la tercera visita del campeonato a R\u00edo Negro en lo que va del 2022 ya que previamente pas\u00f3 por Bariloche y Las Grutas. Adem\u00e1s en noviembre se espera que el Campeonato llegu\u00e9 a Cinco Saltos, convirtiendo a la provincia en la anfitriona con m\u00e1s fechas del certamen.<\/p>\n\n\n\n<figure class=\"wp-block-image size-large\"><img decoding=\"async\" width=\"1024\" height=\"576\" src=\"https:\/\/www.elpolitologoyelpolitico.com.ar\/wp-content\/uploads\/2022\/07\/IMG-20220721-WA0016-1024x576.jpg\" alt=\"\" class=\"wp-image-22596\" srcset=\"https:\/\/www.elpolitologoyelpolitico.com.ar\/wp-content\/uploads\/2022\/07\/IMG-20220721-WA0016-1024x576.jpg 1024w, https:\/\/www.elpolitologoyelpolitico.com.ar\/wp-content\/uploads\/2022\/07\/IMG-20220721-WA0016-300x169.jpg 300w, https:\/\/www.elpolitologoyelpolitico.com.ar\/wp-content\/uploads\/2022\/07\/IMG-20220721-WA0016-768x432.jpg 768w, https:\/\/www.elpolitologoyelpolitico.com.ar\/wp-content\/uploads\/2022\/07\/IMG-20220721-WA0016.jpg 1280w\" sizes=\"(max-width: 1024px) 100vw, 1024px\" \/><\/figure>\n\n\n\n<p>Por otra parte para Viedma ser\u00e1 la quinta ocasi\u00f3n en la que recibir\u00e1 al evento nacional. La primera vez fue en 2017, luego en 2018 y 2019 y finalmente en 2021 (en 2020 debi\u00f3 ser suspendida por la pandemia de covid-19).<\/p>\n\n\n\n<p>Aquellos interesados e interesadas en participar del evento deber\u00e1n inscribirse con anterioridad comunic\u00e1ndose por mail a nadoplit@hotmail.com o por tel\u00e9fono al 2235206092.<\/p>\n<div class=\"fb-background-color\">\n\t\t\t  <div \n\t\t\t  \tclass = \"fb-comments\" \n\t\t\t  \tdata-href = \"https:\/\/www.elpolitologoyelpolitico.com.ar\/wordpress\/2022\/07\/22\/rio-negro-ya-palpita-una-nueva-fecha-del-campeonato-nacional-de-aguas-frias\/\"\n\t\t\t  \tdata-numposts = \"10\"\n\t\t\t  \tdata-lazy = \"true\"\n\t\t\t\tdata-colorscheme = \"light\"\n\t\t\t\tdata-order-by = \"social\"\n\t\t\t\tdata-mobile=true>\n\t\t\t  <\/div><\/div>\n\t\t  <style>\n\t\t    .fb-background-color {\n\t\t\t\tbackground: #ffffff !important;\n\t\t\t}\n\t\t\t.fb_iframe_widget_fluid_desktop iframe {\n\t\t\t    width: 100% !important;\n\t\t\t}\n\t\t  <\/style>\n\t\t  ","protected":false},"excerpt":{"rendered":"<p>Este fin de semana en Viedma tendr\u00e1 lugar la d\u00e9cima fecha del certamen, d\u00f3nde nadadores y nadadoras de todo el pa\u00eds afrontar\u00e1n temperaturas en el agua de menos de 6\u00baC, en un espect\u00e1culo deportivo imperdible. Las actividades comenzar\u00e1n el s\u00e1bado con la aclimataci\u00f3n de los y las competidoras a las temperaturas del agua y el [&hellip;]<\/p>\n","protected":false},"author":4,"featured_media":22594,"comment_status":"closed","ping_status":"closed","sticky":false,"template":"","format":"standard","meta":{"_joinchat":[],"footnotes":""},"categories":[39],"tags":[],"class_list":["post-22593","post","type-post","status-publish","format-standard","has-post-thumbnail","hentry","category-en-esta-seccion"],"_links":{"self":[{"href":"https:\/\/www.elpolitologoyelpolitico.com.ar\/wordpress\/wp-json\/wp\/v2\/posts\/22593","targetHints":{"allow":["GET"]}}],"collection":[{"href":"https:\/\/www.elpolitologoyelpolitico.com.ar\/wordpress\/wp-json\/wp\/v2\/posts"}],"about":[{"href":"https:\/\/www.elpolitologoyelpolitico.com.ar\/wordpress\/wp-json\/wp\/v2\/types\/post"}],"author":[{"embeddable":true,"href":"https:\/\/www.elpolitologoyelpolitico.com.ar\/wordpress\/wp-json\/wp\/v2\/users\/4"}],"replies":[{"embeddable":true,"href":"https:\/\/www.elpolitologoyelpolitico.com.ar\/wordpress\/wp-json\/wp\/v2\/comments?post=22593"}],"version-history":[{"count":0,"href":"https:\/\/www.elpolitologoyelpolitico.com.ar\/wordpress\/wp-json\/wp\/v2\/posts\/22593\/revisions"}],"wp:featuredmedia":[{"embeddable":true,"href":"https:\/\/www.elpolitologoyelpolitico.com.ar\/wordpress\/wp-json\/wp\/v2\/media\/22594"}],"wp:attachment":[{"href":"https:\/\/www.elpolitologoyelpolitico.com.ar\/wordpress\/wp-json\/wp\/v2\/media?parent=22593"}],"wp:term":[{"taxonomy":"category","embeddable":true,"href":"https:\/\/www.elpolitologoyelpolitico.com.ar\/wordpress\/wp-json\/wp\/v2\/categories?post=22593"},{"taxonomy":"post_tag","embeddable":true,"href":"https:\/\/www.elpolitologoyelpolitico.com.ar\/wordpress\/wp-json\/wp\/v2\/tags?post=22593"}],"curies":[{"name":"wp","href":"https:\/\/api.w.org\/{rel}","templated":true}]}}