{"id":22579,"date":"2022-07-21T19:05:57","date_gmt":"2022-07-21T19:05:57","guid":{"rendered":"https:\/\/www.elpolitologoyelpolitico.com.ar\/wordpress\/?p=22579"},"modified":"2022-07-21T19:07:01","modified_gmt":"2022-07-21T19:07:01","slug":"que-proyectos-se-aprobaron-en-la-ultima-sesion-del-concejo-deliberante-de-patagones","status":"publish","type":"post","link":"https:\/\/www.elpolitologoyelpolitico.com.ar\/wordpress\/2022\/07\/21\/que-proyectos-se-aprobaron-en-la-ultima-sesion-del-concejo-deliberante-de-patagones\/","title":{"rendered":"\u00bfQu\u00e9 proyectos se aprobaron en la \u00faltima sesi\u00f3n del Concejo Deliberante de Patagones?"},"content":{"rendered":"\n<p>Se llev\u00f3 adelante la 11\u00ba sesi\u00f3n Ordinaria, Periodo 2022, dando comienzo con el izado de los pabellones nacional y bonaerense.<\/p>\n\n\n\n<p>Jura de Concejales:&nbsp; El Presidente del Cuerpo, Julio Costantino, tom\u00f3 juramento a los nuevos Concejales, Carlos Ra\u00fal Videla y Jessica del Carmen Flores en reemplazo de los Concejales Mariel Cinirella y Santiago Dalmau. El presidente felicit\u00f3 a los nuevos ediles.<\/p>\n\n\n\n<p>ESPACIO PARA HOMENAJES:<\/p>\n\n\n\n<p>En el espacio para homenajes el Presidente, Julio Costantino, salud\u00f3 a todos Concejales, empleados y vecinos en el d\u00eda del amigo.<\/p>\n\n\n\n<p>La Concejal Mar\u00eda Dolores Patan\u00e8, dio la bienvenida a los dos Concejales, y les dese\u00f3 \u00e9xito en esta etapa que es muy rica y de mucho aprendizaje en \u00e9sta tarea legislativa y se puso a disposici\u00f3n para lo que necesiten.<\/p>\n\n\n\n<p>La Concejal Romina Colombi, dio la bienvenida y felicit\u00f3 a los nuevos Concejales, destacando que hoy son Concejales suplentes, ma\u00f1ana pueden estar ocupando la banca y trabajando para los ciudadanos, todos tienen la misma posibilidad. Hay que involucrarse, todos pueden tener un lugar para representar a los ciudadanos.<\/p>\n\n\n\n<p>El Concejal, Marcelo Honcharuk, felicit\u00f3 a los nuevos Concejales y los invit\u00f3 a trabajar en conjunto, remarcando que es saludable que haya recambio, todos con diferentes ideas, dando sus puntos de vista. Bienvenidos, esta es su primera experiencia.<\/p>\n\n\n\n<p>El Concejal Nicol\u00e1s Garc\u00eda, tambi\u00e9n le dio la bienvenida, a los nuevos Concejales, valorando que adem\u00e1s de tomar el juramento, que vienen con una representatividad, de los movimientos sociales, representan a la juventud, al interior del Partido de Patagones y es valioso que lo puedan volcar en el Concejo y de esta manera todos puedan enriquecerse.&nbsp;&nbsp;<\/p>\n\n\n\n<p>El Concejal Carlos Ra\u00fal Videla, agradeci\u00f3 a los presentes y se\u00f1al\u00f3 que ser Concejal es un sue\u00f1o cumplido, y una vez m\u00e1s qued\u00f3 demostrado que los hijos de los obreros pueden llegar al Concejo Deliberante. Videla agradeci\u00f3 a su movimiento y su familia por el apoyo. Agradeci\u00f3 al Presidente Julio Costantino, a su persona como vecino y como profesor, que ha marcado huella, en el flamante Concejal.<\/p>\n\n\n\n<p>La Concejal Fabiola Acosta Caballero, dio la bienvenida a los nuevos Concejales y record\u00f3 a Rub\u00ed Herrero, que el 21 de julio cumplir\u00eda 88 a\u00f1os. Rub\u00ed, que ya no est\u00e1 con nosotros, fue un defensor de los derechos de las personas con discapacidad. Un kinesi\u00f3logo que ha dado su vida no solo en la profesi\u00f3n, sino por los que m\u00e1s lo necesitaban.<\/p>\n\n\n\n<figure class=\"wp-block-gallery has-nested-images columns-default is-cropped wp-block-gallery-1 is-layout-flex wp-block-gallery-is-layout-flex\">\n<figure class=\"wp-block-image size-large\"><img fetchpriority=\"high\" decoding=\"async\" width=\"1024\" height=\"678\" data-id=\"22581\" src=\"https:\/\/www.elpolitologoyelpolitico.com.ar\/wp-content\/uploads\/2022\/07\/IMG-20220721-WA0006-1024x678.jpg\" alt=\"\" class=\"wp-image-22581\" srcset=\"https:\/\/www.elpolitologoyelpolitico.com.ar\/wp-content\/uploads\/2022\/07\/IMG-20220721-WA0006-1024x678.jpg 1024w, https:\/\/www.elpolitologoyelpolitico.com.ar\/wp-content\/uploads\/2022\/07\/IMG-20220721-WA0006-300x199.jpg 300w, https:\/\/www.elpolitologoyelpolitico.com.ar\/wp-content\/uploads\/2022\/07\/IMG-20220721-WA0006-768x508.jpg 768w, https:\/\/www.elpolitologoyelpolitico.com.ar\/wp-content\/uploads\/2022\/07\/IMG-20220721-WA0006.jpg 1280w\" sizes=\"(max-width: 1024px) 100vw, 1024px\" \/><\/figure>\n<\/figure>\n\n\n\n<p>El Concejal Marcelo Honcharuk, se sum\u00f3 al recordatorio de Rub\u00ed Herrero y tambi\u00e9n, record\u00f3 el atentado que sufriera la Argentina un 18 de julio de 1993, a las 9:53 horas, cuando una bomba explotara en la Asociaci\u00f3n Mutual Israelita Argentina \u2013 AMIA, y que caus\u00f3 85 v\u00edctimas y m\u00e1s de 300 heridos. Algo que sufrimos todos los argentinos.&nbsp; Propuso un minuto de silencio para recordar a las v\u00edctimas. Seguidamente se realiz\u00f3 un minuto de silencio.<\/p>\n\n\n\n<p>El Concejal Ricardo Angos dio la bienvenida al recinto a los Concejales que han jurado hoy, y resalt\u00f3 que \u00e9ste es el espacio del recinto donde todas las voces deben ser escuchadas, este es el lugar, la participaci\u00f3n en bienvenida, es necesaria. La construcci\u00f3n social es un ejercicio permanente para todos.&nbsp; Agradeci\u00f3 a la Concejal Acosta Caballero haber tra\u00eddo a la memoria a Rub\u00ed Herrero, una persona de bien, buena gente.&nbsp;&nbsp;<\/p>\n\n\n\n<p>El Concejal Stainnekker, record\u00f3 que el 9 de julio pasado fue el 93 aniversario del Club Social, Deportivo y Recreativo Independiente, de Villalonga, que se encuentra en un per\u00edodo de puesta en valor de su patrimonio edilicio y ha renovado su Comisi\u00f3n Directiva, con gente joven, que le ha dado un nuevo impulso a esta instituci\u00f3n, tan antigua de Villalonga. Muy feliz aniversario.<\/p>\n\n\n\n<p>El Presidente Julio Costantino, record\u00f3 la figura de Rub\u00ed Herrero, en la d\u00e9cada del 70, siendo Rub\u00ed profesor del Instituto de Educaci\u00f3n F\u00edsica, encontrando un referente y un amigo.<\/p>\n\n\n\n<p>La Concejal Acosta Caballero solicit\u00f3 Cuesti\u00f3n de Privilegio para compartir una reflexi\u00f3n sobre la violencia laboral.<\/p>\n\n\n\n<figure class=\"wp-block-image size-large\"><img decoding=\"async\" width=\"1024\" height=\"678\" src=\"https:\/\/www.elpolitologoyelpolitico.com.ar\/wp-content\/uploads\/2022\/07\/IMG-20220721-WA0005-1024x678.jpg\" alt=\"\" class=\"wp-image-22582\" srcset=\"https:\/\/www.elpolitologoyelpolitico.com.ar\/wp-content\/uploads\/2022\/07\/IMG-20220721-WA0005-1024x678.jpg 1024w, https:\/\/www.elpolitologoyelpolitico.com.ar\/wp-content\/uploads\/2022\/07\/IMG-20220721-WA0005-300x199.jpg 300w, https:\/\/www.elpolitologoyelpolitico.com.ar\/wp-content\/uploads\/2022\/07\/IMG-20220721-WA0005-768x508.jpg 768w, https:\/\/www.elpolitologoyelpolitico.com.ar\/wp-content\/uploads\/2022\/07\/IMG-20220721-WA0005.jpg 1280w\" sizes=\"(max-width: 1024px) 100vw, 1024px\" \/><\/figure>\n\n\n\n<p>PROYECTOS INGRESADOS:<\/p>\n\n\n\n<p>Iniciado: Bloque Avanzar.<\/p>\n\n\n\n<p>Extracto: Proyecto de Resoluci\u00f3n. Declarar de Inter\u00e9s Municipal la construcci\u00f3n de Planta de faena para ovinos. El Concejal Marcelo Honcharuk solicit\u00f3 el acompa\u00f1amiento de todos los Concejales, para que el Proyecto sea de todo el Cuerpo. Con modificaciones. Aprobado por Unanimidad.<br><\/p>\n\n\n\n<p>Iniciado: Bloque Juntos.<\/p>\n\n\n\n<p>Extracto: Proyecto Minuta de Comunicaci\u00f3n. Articular, planificar y concentrar actividades culturales, feriantes y gastron\u00f3micas. Con amplio debate. Aprobado por Mayor\u00eda.<br><\/p>\n\n\n\n<p>Iniciado: Bloque Juntos.<\/p>\n\n\n\n<p>Extracto: Proyecto de Ordenanza. Adhesi\u00f3n a la Ley 27458. Lucha contra el Grooming. Con la Presencia en el Recinto, de la Coordinadora de Programas P\u00fablicos, Mar\u00eda Concepci\u00f3n Ciccone, quien coordina las charlas y capacitaciones contra el Grooming se aprob\u00f3 por Unanimidad la adhesi\u00f3n a la ley.&nbsp;&nbsp;<br><\/p>\n\n\n\n<p>Iniciado: Bloque Juntos.<\/p>\n\n\n\n<p>Extracto: Proyecto de Ordenanza. Declaraci\u00f3n de Inter\u00e9s Municipal la aplicaci\u00f3n \u201cGAPP\u201d. Grooming Argentina. Aprobado por Unanimidad.<br><\/p>\n\n\n\n<p>Iniciado: Bloque PJ- Frente de Todos.<\/p>\n\n\n\n<p>Extracto: Proyecto de Resoluci\u00f3n. Declaraci\u00f3n de Inter\u00e9s Municipal, el Proyecto \u00abMejoramiento T\u00e9rmico de Viviendas\u00bb. Aprobado por Unanimidad.<br><\/p>\n\n\n\n<p>Iniciado: Bloque Avanzar.<\/p>\n\n\n\n<p>Extracto: Proyecto de Declaraci\u00f3n de Inter\u00e9s Municipal. Anteproyecto de desarrollo productivo de las Chacras Municipales.&nbsp; Enviado a la Comisi\u00f3n de Asuntos Agropecuarios, Comercio, Industria y Trabajo, para su tratamiento y enriquecimiento. Aprobado por Unanimidad, el env\u00edo a Comisi\u00f3n.<br><\/p>\n\n\n\n<p>Iniciado: Presidente del HCD &#8211; Concejal Costantino.<\/p>\n\n\n\n<p>Extracto: Proyecto de Imposici\u00f3n de nombre. \u00abImp\u00f3ngase el nombre de Presidente Ra\u00fal Ricardo Alfons\u00edn\u00bb a calle de acceso al Cerro de la Caballada. El Presidente del Cuerpo Julio Costantino, autor del proyecto, solicit\u00f3 al Vicepresidente segundo Marcelo Honcharuk, hacerse cargo de la presidencia para bajar a la banca a defender su proyecto. Costantino mocion\u00f3 desde la banca el pase a Comisi\u00f3n para dar intervenci\u00f3n a otros organismos, como el Museo Regional \u201cEmma Nozzi\u201d. Enviado a la Comisi\u00f3n de Asuntos Varios. Aprobado por Unanimidad el env\u00edo a Comisi\u00f3n.<br><\/p>\n\n\n\n<p>EXPEDIENTES CON DESPACHO DE COMISI\u00d3N:&nbsp; Fueron todos aprobados por Unanimidad.<\/p>\n\n\n\n<p>Finalmente se ingresaron expedientes por Art\u00edculo 81, para autorizaci\u00f3n de usos de espacios p\u00fablicos. Aprobados por Unanimidad. Fue le\u00edda la correspondencia recibida.<\/p>\n\n\n\n<p>Presentes en el Recinto de sesiones: Presidente Julio Costantino, Secretaria Legislativa M\u00f3nica Devia. Concejales: Romina Colombi, Rosario Melluso, Nicol\u00e1s Garc\u00eda, Noelia Sep\u00falveda, Noem\u00ed C\u00f3rdoba, Mar\u00eda Dolores Patan\u00e8, Mayra Sardi, Diego Stainnekker, Armando Baril\u00e2, Fabiola Acosta Caballero, Ricardo Angos, Marcelo Honcharuk, Carlos Ra\u00fal Videla y Jessica del Carmen Flores.<\/p>\n<div class=\"fb-background-color\">\n\t\t\t  <div \n\t\t\t  \tclass = \"fb-comments\" \n\t\t\t  \tdata-href = \"https:\/\/www.elpolitologoyelpolitico.com.ar\/wordpress\/2022\/07\/21\/que-proyectos-se-aprobaron-en-la-ultima-sesion-del-concejo-deliberante-de-patagones\/\"\n\t\t\t  \tdata-numposts = \"10\"\n\t\t\t  \tdata-lazy = \"true\"\n\t\t\t\tdata-colorscheme = \"light\"\n\t\t\t\tdata-order-by = \"social\"\n\t\t\t\tdata-mobile=true>\n\t\t\t  <\/div><\/div>\n\t\t  <style>\n\t\t    .fb-background-color {\n\t\t\t\tbackground: #ffffff !important;\n\t\t\t}\n\t\t\t.fb_iframe_widget_fluid_desktop iframe {\n\t\t\t    width: 100% !important;\n\t\t\t}\n\t\t  <\/style>\n\t\t  ","protected":false},"excerpt":{"rendered":"<p>Se llev\u00f3 adelante la 11\u00ba sesi\u00f3n Ordinaria, Periodo 2022, dando comienzo con el izado de los pabellones nacional y bonaerense. Jura de Concejales:&nbsp; El Presidente del Cuerpo, Julio Costantino, tom\u00f3 juramento a los nuevos Concejales, Carlos Ra\u00fal Videla y Jessica del Carmen Flores en reemplazo de los Concejales Mariel Cinirella y Santiago Dalmau. El presidente [&hellip;]<\/p>\n","protected":false},"author":4,"featured_media":22580,"comment_status":"closed","ping_status":"closed","sticky":false,"template":"","format":"standard","meta":{"_joinchat":[],"footnotes":""},"categories":[39],"tags":[],"class_list":["post-22579","post","type-post","status-publish","format-standard","has-post-thumbnail","hentry","category-en-esta-seccion"],"_links":{"self":[{"href":"https:\/\/www.elpolitologoyelpolitico.com.ar\/wordpress\/wp-json\/wp\/v2\/posts\/22579","targetHints":{"allow":["GET"]}}],"collection":[{"href":"https:\/\/www.elpolitologoyelpolitico.com.ar\/wordpress\/wp-json\/wp\/v2\/posts"}],"about":[{"href":"https:\/\/www.elpolitologoyelpolitico.com.ar\/wordpress\/wp-json\/wp\/v2\/types\/post"}],"author":[{"embeddable":true,"href":"https:\/\/www.elpolitologoyelpolitico.com.ar\/wordpress\/wp-json\/wp\/v2\/users\/4"}],"replies":[{"embeddable":true,"href":"https:\/\/www.elpolitologoyelpolitico.com.ar\/wordpress\/wp-json\/wp\/v2\/comments?post=22579"}],"version-history":[{"count":0,"href":"https:\/\/www.elpolitologoyelpolitico.com.ar\/wordpress\/wp-json\/wp\/v2\/posts\/22579\/revisions"}],"wp:featuredmedia":[{"embeddable":true,"href":"https:\/\/www.elpolitologoyelpolitico.com.ar\/wordpress\/wp-json\/wp\/v2\/media\/22580"}],"wp:attachment":[{"href":"https:\/\/www.elpolitologoyelpolitico.com.ar\/wordpress\/wp-json\/wp\/v2\/media?parent=22579"}],"wp:term":[{"taxonomy":"category","embeddable":true,"href":"https:\/\/www.elpolitologoyelpolitico.com.ar\/wordpress\/wp-json\/wp\/v2\/categories?post=22579"},{"taxonomy":"post_tag","embeddable":true,"href":"https:\/\/www.elpolitologoyelpolitico.com.ar\/wordpress\/wp-json\/wp\/v2\/tags?post=22579"}],"curies":[{"name":"wp","href":"https:\/\/api.w.org\/{rel}","templated":true}]}}