{"id":22568,"date":"2022-07-21T17:34:32","date_gmt":"2022-07-21T17:34:32","guid":{"rendered":"https:\/\/www.elpolitologoyelpolitico.com.ar\/wordpress\/?p=22568"},"modified":"2022-07-21T17:35:38","modified_gmt":"2022-07-21T17:35:38","slug":"personal-policial-asistio-a-una-familia-que-estaba-aislada-en-la-meseta-somuncura-por-el-temporal-de-nieve","status":"publish","type":"post","link":"https:\/\/www.elpolitologoyelpolitico.com.ar\/wordpress\/2022\/07\/21\/personal-policial-asistio-a-una-familia-que-estaba-aislada-en-la-meseta-somuncura-por-el-temporal-de-nieve\/","title":{"rendered":"Personal policial asisti\u00f3 a una familia que estaba aislada en la meseta Somuncura por el temporal de nieve"},"content":{"rendered":"\n<p>Personal policial de la Comisar\u00eda 15\u00ba de Valcheta y de Bomberos asisti\u00f3 a una familia que hab\u00eda quedado aislada en la zona de la meseta de Somuncura, debido a las intensas nevadas registradas en los \u00faltimos d\u00edas en la regi\u00f3n.<\/p>\n\n\n\n<p>El operativo se desarroll\u00f3 en forma conjunta con el municipio y la comisi\u00f3n de fomento de Chipauquil. El trabajo coordinado permiti\u00f3 el acceso al lugar para asistir a las personas y proveerlos de le\u00f1a, mercader\u00eda y garrafas de gas.<\/p>\n\n\n\n<figure class=\"wp-block-image size-full\"><img fetchpriority=\"high\" decoding=\"async\" width=\"720\" height=\"469\" src=\"https:\/\/www.elpolitologoyelpolitico.com.ar\/wp-content\/uploads\/2022\/07\/IMG-20220720-WA0069.jpg\" alt=\"\" class=\"wp-image-22572\" srcset=\"https:\/\/www.elpolitologoyelpolitico.com.ar\/wp-content\/uploads\/2022\/07\/IMG-20220720-WA0069.jpg 720w, https:\/\/www.elpolitologoyelpolitico.com.ar\/wp-content\/uploads\/2022\/07\/IMG-20220720-WA0069-300x195.jpg 300w\" sizes=\"(max-width: 720px) 100vw, 720px\" \/><\/figure>\n\n\n\n<p>El jefe a cargo de la Unidad 15\u00ba de Valcheta, Subcomisario Eduardo Epulef, brind\u00f3 detalles y relat\u00f3: \u201cUnas personas que pasaron por la meseta estuvieron en el sector donde se encuentra la vivienda de la familia Pilquiman, en un lugar muy alejado del \u00e1rea urbana. Les dejaron algunas provisiones e insumos y dieron aviso en la Comisar\u00eda. A partir de all\u00ed, se gestion\u00f3 la ayuda necesaria con la Municipalidad de Valcheta y la comisi\u00f3n de fomento de Chipauquil, que pese a no pertenecer a la zona aport\u00f3 le\u00f1a y mercader\u00eda\u201d.<\/p>\n\n\n\n<figure class=\"wp-block-image size-full\"><img decoding=\"async\" width=\"720\" height=\"423\" src=\"https:\/\/www.elpolitologoyelpolitico.com.ar\/wp-content\/uploads\/2022\/07\/IMG-20220720-WA0070.jpg\" alt=\"\" class=\"wp-image-22571\" srcset=\"https:\/\/www.elpolitologoyelpolitico.com.ar\/wp-content\/uploads\/2022\/07\/IMG-20220720-WA0070.jpg 720w, https:\/\/www.elpolitologoyelpolitico.com.ar\/wp-content\/uploads\/2022\/07\/IMG-20220720-WA0070-300x176.jpg 300w\" sizes=\"(max-width: 720px) 100vw, 720px\" \/><\/figure>\n\n\n\n<p>\u201cAcudi\u00f3 personal de Bomberos y tambi\u00e9n la ambulancia del hospital local, para constatar el estado de salud de los vecinos. Se los asisti\u00f3 con garrafas, le\u00f1a y mercader\u00eda. Hab\u00eda mucha nieve y el camino es muy complejo, pero pudieron llegar y asistir a estas personas\u201d, cerr\u00f3.<\/p>\n\n\n<div class=\"fb-background-color\">\n\t\t\t  <div \n\t\t\t  \tclass = \"fb-comments\" \n\t\t\t  \tdata-href = \"https:\/\/www.elpolitologoyelpolitico.com.ar\/wordpress\/2022\/07\/21\/personal-policial-asistio-a-una-familia-que-estaba-aislada-en-la-meseta-somuncura-por-el-temporal-de-nieve\/\"\n\t\t\t  \tdata-numposts = \"10\"\n\t\t\t  \tdata-lazy = \"true\"\n\t\t\t\tdata-colorscheme = \"light\"\n\t\t\t\tdata-order-by = \"social\"\n\t\t\t\tdata-mobile=true>\n\t\t\t  <\/div><\/div>\n\t\t  <style>\n\t\t    .fb-background-color {\n\t\t\t\tbackground: #ffffff !important;\n\t\t\t}\n\t\t\t.fb_iframe_widget_fluid_desktop iframe {\n\t\t\t    width: 100% !important;\n\t\t\t}\n\t\t  <\/style>\n\t\t  ","protected":false},"excerpt":{"rendered":"<p>Personal policial de la Comisar\u00eda 15\u00ba de Valcheta y de Bomberos asisti\u00f3 a una familia que hab\u00eda quedado aislada en la zona de la meseta de Somuncura, debido a las intensas nevadas registradas en los \u00faltimos d\u00edas en la regi\u00f3n. El operativo se desarroll\u00f3 en forma conjunta con el municipio y la comisi\u00f3n de fomento [&hellip;]<\/p>\n","protected":false},"author":4,"featured_media":22569,"comment_status":"closed","ping_status":"closed","sticky":false,"template":"","format":"standard","meta":{"_joinchat":[],"footnotes":""},"categories":[39],"tags":[],"class_list":["post-22568","post","type-post","status-publish","format-standard","has-post-thumbnail","hentry","category-en-esta-seccion"],"_links":{"self":[{"href":"https:\/\/www.elpolitologoyelpolitico.com.ar\/wordpress\/wp-json\/wp\/v2\/posts\/22568","targetHints":{"allow":["GET"]}}],"collection":[{"href":"https:\/\/www.elpolitologoyelpolitico.com.ar\/wordpress\/wp-json\/wp\/v2\/posts"}],"about":[{"href":"https:\/\/www.elpolitologoyelpolitico.com.ar\/wordpress\/wp-json\/wp\/v2\/types\/post"}],"author":[{"embeddable":true,"href":"https:\/\/www.elpolitologoyelpolitico.com.ar\/wordpress\/wp-json\/wp\/v2\/users\/4"}],"replies":[{"embeddable":true,"href":"https:\/\/www.elpolitologoyelpolitico.com.ar\/wordpress\/wp-json\/wp\/v2\/comments?post=22568"}],"version-history":[{"count":0,"href":"https:\/\/www.elpolitologoyelpolitico.com.ar\/wordpress\/wp-json\/wp\/v2\/posts\/22568\/revisions"}],"wp:featuredmedia":[{"embeddable":true,"href":"https:\/\/www.elpolitologoyelpolitico.com.ar\/wordpress\/wp-json\/wp\/v2\/media\/22569"}],"wp:attachment":[{"href":"https:\/\/www.elpolitologoyelpolitico.com.ar\/wordpress\/wp-json\/wp\/v2\/media?parent=22568"}],"wp:term":[{"taxonomy":"category","embeddable":true,"href":"https:\/\/www.elpolitologoyelpolitico.com.ar\/wordpress\/wp-json\/wp\/v2\/categories?post=22568"},{"taxonomy":"post_tag","embeddable":true,"href":"https:\/\/www.elpolitologoyelpolitico.com.ar\/wordpress\/wp-json\/wp\/v2\/tags?post=22568"}],"curies":[{"name":"wp","href":"https:\/\/api.w.org\/{rel}","templated":true}]}}