{"id":22564,"date":"2022-07-21T17:21:29","date_gmt":"2022-07-21T17:21:29","guid":{"rendered":"https:\/\/www.elpolitologoyelpolitico.com.ar\/wordpress\/?p=22564"},"modified":"2022-07-21T17:22:26","modified_gmt":"2022-07-21T17:22:26","slug":"exitosa-convocatoria-a-los-cursos-de-mozos-y-camareras-de-salon","status":"publish","type":"post","link":"https:\/\/www.elpolitologoyelpolitico.com.ar\/wordpress\/2022\/07\/21\/exitosa-convocatoria-a-los-cursos-de-mozos-y-camareras-de-salon\/","title":{"rendered":"Exitosa convocatoria a los cursos de Mozos y Camareras de Sal\u00f3n"},"content":{"rendered":"\n<p>Cerca de 300 personas finalizaron los cursos de Formaci\u00f3n Profesional de \u201cMozos y Camareras de Sal\u00f3n\u201d, organizado por el Ministerio de Trabajo a trav\u00e9s del Programa \u201cTrabajo M\u00e1s Futuro\u201d, y en el marco del Plan Estrat\u00e9gico de Hidr\u00f3geno Verde impulsado por el Gobierno de R\u00edo Negro.<\/p>\n\n\n\n<p>Las capacitaciones fueron dadas por t\u00e9cnicos del gremio de Trabajadores Hoteleros y Gastron\u00f3micos Zona Atl\u00e1ntica (UTHGRA). Adem\u00e1s, en las jornadas estuvieron acompa\u00f1ando el ministro de Trabajo, Jorge Stopiello, el secretario de Empleo y Capacitaci\u00f3n de la cartera laboral, Francisco Pereda, y el secretario general de UTHGRA Zona Atl\u00e1ntica, Roberto Vargas.<\/p>\n\n\n\n<p>Desde abril hasta la fecha se llevaron adelante cinco cursos, en donde un total de 273 personas recibieron la certificaci\u00f3n correspondiente.<\/p>\n\n\n\n<p>El primero de ellos se realiz\u00f3 entre el 4 y el 8 de abril en Sierra Grande, y finalizaron el curso 52 vecinos y vecinos. En el acto de entrega de certificados estuvo la legisladora Roxana Fern\u00e1ndez y la delegada zonal de Trabajo, Claudia Zulatto.<\/p>\n\n\n\n<p>Entre el 25 y 29 de abril, en San Antonio Oeste, se dio inicio al segundo curso, donde un total de 56 personas recibieron la certificaci\u00f3n. All\u00ed, estuvo presente el delegado zonal de Trabajo, Facundo Lasalle y el secretario de Desarrollo Econ\u00f3mico del Municipio de San Antonio Oeste, Joaqu\u00edn Land\u00edvar.<\/p>\n\n\n\n<p>Continuando con las jornadas de capacitaci\u00f3n, en Los Menucos un total de 48 vecinos y vecinas finalizaron la formaci\u00f3n profesional de \u201cMozos y Camareras de Sal\u00f3n\u201d. En el acto, adem\u00e1s de las autoridades provinciales, estuvo la intendenta de Los Menucos, Mabel Yahuar.<\/p>\n\n\n\n<p>En las Grutas, por su parte, la capacitaci\u00f3n se concret\u00f3 entre 30 de mayo y el 3 de junio. Aqu\u00ed, 53 personas recibieron su certificaci\u00f3n.<\/p>\n\n\n\n<p>Por \u00faltimo, y con una gran convocatoria de participantes, el curso tuvo como escenario final a Viedma durante el 21 y 25 de junio. Obtuvieron su correspondiente certificaci\u00f3n de finalizaci\u00f3n 64 vecinos y vecinas.<\/p>\n<div class=\"fb-background-color\">\n\t\t\t  <div \n\t\t\t  \tclass = \"fb-comments\" \n\t\t\t  \tdata-href = \"https:\/\/www.elpolitologoyelpolitico.com.ar\/wordpress\/2022\/07\/21\/exitosa-convocatoria-a-los-cursos-de-mozos-y-camareras-de-salon\/\"\n\t\t\t  \tdata-numposts = \"10\"\n\t\t\t  \tdata-lazy = \"true\"\n\t\t\t\tdata-colorscheme = \"light\"\n\t\t\t\tdata-order-by = \"social\"\n\t\t\t\tdata-mobile=true>\n\t\t\t  <\/div><\/div>\n\t\t  <style>\n\t\t    .fb-background-color {\n\t\t\t\tbackground: #ffffff !important;\n\t\t\t}\n\t\t\t.fb_iframe_widget_fluid_desktop iframe {\n\t\t\t    width: 100% !important;\n\t\t\t}\n\t\t  <\/style>\n\t\t  ","protected":false},"excerpt":{"rendered":"<p>Cerca de 300 personas finalizaron los cursos de Formaci\u00f3n Profesional de \u201cMozos y Camareras de Sal\u00f3n\u201d, organizado por el Ministerio de Trabajo a trav\u00e9s del Programa \u201cTrabajo M\u00e1s Futuro\u201d, y en el marco del Plan Estrat\u00e9gico de Hidr\u00f3geno Verde impulsado por el Gobierno de R\u00edo Negro. Las capacitaciones fueron dadas por t\u00e9cnicos del gremio de [&hellip;]<\/p>\n","protected":false},"author":4,"featured_media":22565,"comment_status":"closed","ping_status":"closed","sticky":false,"template":"","format":"standard","meta":{"_joinchat":[],"footnotes":""},"categories":[39],"tags":[],"class_list":["post-22564","post","type-post","status-publish","format-standard","has-post-thumbnail","hentry","category-en-esta-seccion"],"_links":{"self":[{"href":"https:\/\/www.elpolitologoyelpolitico.com.ar\/wordpress\/wp-json\/wp\/v2\/posts\/22564","targetHints":{"allow":["GET"]}}],"collection":[{"href":"https:\/\/www.elpolitologoyelpolitico.com.ar\/wordpress\/wp-json\/wp\/v2\/posts"}],"about":[{"href":"https:\/\/www.elpolitologoyelpolitico.com.ar\/wordpress\/wp-json\/wp\/v2\/types\/post"}],"author":[{"embeddable":true,"href":"https:\/\/www.elpolitologoyelpolitico.com.ar\/wordpress\/wp-json\/wp\/v2\/users\/4"}],"replies":[{"embeddable":true,"href":"https:\/\/www.elpolitologoyelpolitico.com.ar\/wordpress\/wp-json\/wp\/v2\/comments?post=22564"}],"version-history":[{"count":0,"href":"https:\/\/www.elpolitologoyelpolitico.com.ar\/wordpress\/wp-json\/wp\/v2\/posts\/22564\/revisions"}],"wp:featuredmedia":[{"embeddable":true,"href":"https:\/\/www.elpolitologoyelpolitico.com.ar\/wordpress\/wp-json\/wp\/v2\/media\/22565"}],"wp:attachment":[{"href":"https:\/\/www.elpolitologoyelpolitico.com.ar\/wordpress\/wp-json\/wp\/v2\/media?parent=22564"}],"wp:term":[{"taxonomy":"category","embeddable":true,"href":"https:\/\/www.elpolitologoyelpolitico.com.ar\/wordpress\/wp-json\/wp\/v2\/categories?post=22564"},{"taxonomy":"post_tag","embeddable":true,"href":"https:\/\/www.elpolitologoyelpolitico.com.ar\/wordpress\/wp-json\/wp\/v2\/tags?post=22564"}],"curies":[{"name":"wp","href":"https:\/\/api.w.org\/{rel}","templated":true}]}}