{"id":22550,"date":"2022-07-21T02:43:15","date_gmt":"2022-07-21T02:43:15","guid":{"rendered":"https:\/\/www.elpolitologoyelpolitico.com.ar\/wordpress\/?p=22550"},"modified":"2022-07-21T02:43:47","modified_gmt":"2022-07-21T02:43:47","slug":"en-patagones-hay-mucho-fanatismo-por-el-futbol-barrial","status":"publish","type":"post","link":"https:\/\/www.elpolitologoyelpolitico.com.ar\/wordpress\/2022\/07\/21\/en-patagones-hay-mucho-fanatismo-por-el-futbol-barrial\/","title":{"rendered":"\u201cEn Patagones hay mucho fanatismo por el futbol barrial\u201d"},"content":{"rendered":"\n<p>Mat\u00edas Mora es el Capit\u00e1n y uno de los referentes del club rampla Juniors de Patagones.&nbsp;<\/p>\n\n\n\n<p>Con respecto a la situaci\u00f3n del equipo Mora aclar\u00f3 <strong>\u201cEste grupo se armo hace varios a\u00f1os por Diego Quilen y a trav\u00e9s de la uni\u00f3n se fortaleci\u00f3 a\u00f1o tras a\u00f1o\u201d<\/strong><\/p>\n\n\n\n<p>Y agreg\u00f3 <strong>\u201cRampla jugo seis finales y ganamos cuatro\u201d&nbsp;<\/strong><\/p>\n\n\n\n<p>Hay muchos equipos en Patagones que tienen una paridad en todo sentido.&nbsp;<\/p>\n\n\n\n<p>Este fin de semana se juegan los 4tos de final en Patagones\u00a0 y el Capit\u00e1n resalt\u00f3<strong> \u201cSabemos que hoy en d\u00eda hay mucha competencia en Patagones y cualquier equipo que te toca en instancias finales es dif\u00edcil. Pero, Nosotros estamos bien en todas las categor\u00edas tanto en segunda, primera y veteranos\u201d.<\/strong><\/p>\n\n\n\n<figure class=\"wp-block-gallery has-nested-images columns-default is-cropped wp-block-gallery-1 is-layout-flex wp-block-gallery-is-layout-flex\">\n<figure class=\"wp-block-image size-large\"><img fetchpriority=\"high\" decoding=\"async\" width=\"720\" height=\"540\" data-id=\"22552\" src=\"https:\/\/www.elpolitologoyelpolitico.com.ar\/wp-content\/uploads\/2022\/07\/IMG-20220720-WA0060.jpg\" alt=\"\" class=\"wp-image-22552\" srcset=\"https:\/\/www.elpolitologoyelpolitico.com.ar\/wp-content\/uploads\/2022\/07\/IMG-20220720-WA0060.jpg 720w, https:\/\/www.elpolitologoyelpolitico.com.ar\/wp-content\/uploads\/2022\/07\/IMG-20220720-WA0060-300x225.jpg 300w\" sizes=\"(max-width: 720px) 100vw, 720px\" \/><\/figure>\n\n\n\n<figure class=\"wp-block-image size-large\"><img decoding=\"async\" width=\"720\" height=\"960\" data-id=\"22553\" src=\"https:\/\/www.elpolitologoyelpolitico.com.ar\/wp-content\/uploads\/2022\/07\/IMG-20220720-WA0015.jpg\" alt=\"\" class=\"wp-image-22553\" srcset=\"https:\/\/www.elpolitologoyelpolitico.com.ar\/wp-content\/uploads\/2022\/07\/IMG-20220720-WA0015.jpg 720w, https:\/\/www.elpolitologoyelpolitico.com.ar\/wp-content\/uploads\/2022\/07\/IMG-20220720-WA0015-225x300.jpg 225w\" sizes=\"(max-width: 720px) 100vw, 720px\" \/><\/figure>\n<\/figure>\n\n\n\n<p>La historia del club es importante y Mora expres\u00f3<strong> \u201cSiempre admiro la camada anterior del club rampla con grandes protagonistas como del Pitu Quilen, Caco Ortega y el Gaita Rodr\u00edguez porque son referentes del club y son jugadores que siempre quieren lo mejor para un equipo\u201d.<\/strong><\/p>\n\n\n\n<p>En referencia a la realidad institucional y los \u00e1rbitros de la Liga Maragata Mat\u00edas Mora indic\u00f3 <strong>\u201cYo creo que en a\u00f1os anteriores los dirigentes hicieron un buen trabajo pero en muchas ocasiones hay que fortalecer algunas cosas. Antes de arrancar el torneo, dijeron que esos son los \u00e1rbitros que hay y todos los equipos decidimos arrancar\u201d<\/strong><\/p>\n\n\n\n<p>Y a\u00f1adi\u00f3 <strong>\u201cEste a\u00f1o los \u00e1rbitros tienen que tener alg\u00fan curso o refuerzo para estas instancias finales y es el momento de mechar a los \u00e1rbitros para esta etapa final del torneo\u201d.<\/strong><\/p>\n\n\n\n<figure class=\"wp-block-gallery has-nested-images columns-default is-cropped wp-block-gallery-2 is-layout-flex wp-block-gallery-is-layout-flex\">\n<figure class=\"wp-block-image size-large\"><img decoding=\"async\" width=\"720\" height=\"540\" data-id=\"22554\" src=\"https:\/\/www.elpolitologoyelpolitico.com.ar\/wp-content\/uploads\/2022\/07\/IMG-20220720-WA0062.jpg\" alt=\"\" class=\"wp-image-22554\" srcset=\"https:\/\/www.elpolitologoyelpolitico.com.ar\/wp-content\/uploads\/2022\/07\/IMG-20220720-WA0062.jpg 720w, https:\/\/www.elpolitologoyelpolitico.com.ar\/wp-content\/uploads\/2022\/07\/IMG-20220720-WA0062-300x225.jpg 300w\" sizes=\"(max-width: 720px) 100vw, 720px\" \/><\/figure>\n\n\n\n<figure class=\"wp-block-image size-large\"><img loading=\"lazy\" decoding=\"async\" width=\"720\" height=\"958\" data-id=\"22555\" src=\"https:\/\/www.elpolitologoyelpolitico.com.ar\/wp-content\/uploads\/2022\/07\/IMG-20220720-WA0059.jpg\" alt=\"\" class=\"wp-image-22555\" srcset=\"https:\/\/www.elpolitologoyelpolitico.com.ar\/wp-content\/uploads\/2022\/07\/IMG-20220720-WA0059.jpg 720w, https:\/\/www.elpolitologoyelpolitico.com.ar\/wp-content\/uploads\/2022\/07\/IMG-20220720-WA0059-225x300.jpg 225w\" sizes=\"(max-width: 720px) 100vw, 720px\" \/><\/figure>\n<\/figure>\n\n\n\n<p><strong>\u201cEstamos con muchas ganas de arrancar el partido el d\u00eda s\u00e1bado&nbsp; y el futbol barrial de Patagones tiene mucha importancia. El fanatismo de la gente esta en todas las canchas y en todos los clubes\u201d <\/strong>finaliz\u00f3 el referente del club rampla.&nbsp;&nbsp;<\/p>\n\n\n\n<p>Escucha la nota completa.<\/p>\n\n\n\n<figure class=\"wp-block-image size-full\"><img loading=\"lazy\" decoding=\"async\" width=\"720\" height=\"540\" src=\"https:\/\/www.elpolitologoyelpolitico.com.ar\/wp-content\/uploads\/2022\/07\/IMG-20220720-WA0061.jpg\" alt=\"\" class=\"wp-image-22556\" srcset=\"https:\/\/www.elpolitologoyelpolitico.com.ar\/wp-content\/uploads\/2022\/07\/IMG-20220720-WA0061.jpg 720w, https:\/\/www.elpolitologoyelpolitico.com.ar\/wp-content\/uploads\/2022\/07\/IMG-20220720-WA0061-300x225.jpg 300w\" sizes=\"(max-width: 720px) 100vw, 720px\" \/><\/figure>\n<div class=\"fb-background-color\">\n\t\t\t  <div \n\t\t\t  \tclass = \"fb-comments\" \n\t\t\t  \tdata-href = \"https:\/\/www.elpolitologoyelpolitico.com.ar\/wordpress\/2022\/07\/21\/en-patagones-hay-mucho-fanatismo-por-el-futbol-barrial\/\"\n\t\t\t  \tdata-numposts = \"10\"\n\t\t\t  \tdata-lazy = \"true\"\n\t\t\t\tdata-colorscheme = \"light\"\n\t\t\t\tdata-order-by = \"social\"\n\t\t\t\tdata-mobile=true>\n\t\t\t  <\/div><\/div>\n\t\t  <style>\n\t\t    .fb-background-color {\n\t\t\t\tbackground: #ffffff !important;\n\t\t\t}\n\t\t\t.fb_iframe_widget_fluid_desktop iframe {\n\t\t\t    width: 100% !important;\n\t\t\t}\n\t\t  <\/style>\n\t\t  ","protected":false},"excerpt":{"rendered":"<p>Mat\u00edas Mora es el Capit\u00e1n y uno de los referentes del club rampla Juniors de Patagones.&nbsp; Con respecto a la situaci\u00f3n del equipo Mora aclar\u00f3 \u201cEste grupo se armo hace varios a\u00f1os por Diego Quilen y a trav\u00e9s de la uni\u00f3n se fortaleci\u00f3 a\u00f1o tras a\u00f1o\u201d Y agreg\u00f3 \u201cRampla jugo seis finales y ganamos cuatro\u201d&nbsp; [&hellip;]<\/p>\n","protected":false},"author":4,"featured_media":22551,"comment_status":"closed","ping_status":"closed","sticky":false,"template":"","format":"standard","meta":{"_joinchat":[],"footnotes":""},"categories":[39],"tags":[],"class_list":["post-22550","post","type-post","status-publish","format-standard","has-post-thumbnail","hentry","category-en-esta-seccion"],"_links":{"self":[{"href":"https:\/\/www.elpolitologoyelpolitico.com.ar\/wordpress\/wp-json\/wp\/v2\/posts\/22550","targetHints":{"allow":["GET"]}}],"collection":[{"href":"https:\/\/www.elpolitologoyelpolitico.com.ar\/wordpress\/wp-json\/wp\/v2\/posts"}],"about":[{"href":"https:\/\/www.elpolitologoyelpolitico.com.ar\/wordpress\/wp-json\/wp\/v2\/types\/post"}],"author":[{"embeddable":true,"href":"https:\/\/www.elpolitologoyelpolitico.com.ar\/wordpress\/wp-json\/wp\/v2\/users\/4"}],"replies":[{"embeddable":true,"href":"https:\/\/www.elpolitologoyelpolitico.com.ar\/wordpress\/wp-json\/wp\/v2\/comments?post=22550"}],"version-history":[{"count":0,"href":"https:\/\/www.elpolitologoyelpolitico.com.ar\/wordpress\/wp-json\/wp\/v2\/posts\/22550\/revisions"}],"wp:featuredmedia":[{"embeddable":true,"href":"https:\/\/www.elpolitologoyelpolitico.com.ar\/wordpress\/wp-json\/wp\/v2\/media\/22551"}],"wp:attachment":[{"href":"https:\/\/www.elpolitologoyelpolitico.com.ar\/wordpress\/wp-json\/wp\/v2\/media?parent=22550"}],"wp:term":[{"taxonomy":"category","embeddable":true,"href":"https:\/\/www.elpolitologoyelpolitico.com.ar\/wordpress\/wp-json\/wp\/v2\/categories?post=22550"},{"taxonomy":"post_tag","embeddable":true,"href":"https:\/\/www.elpolitologoyelpolitico.com.ar\/wordpress\/wp-json\/wp\/v2\/tags?post=22550"}],"curies":[{"name":"wp","href":"https:\/\/api.w.org\/{rel}","templated":true}]}}