{"id":22542,"date":"2022-07-21T01:34:54","date_gmt":"2022-07-21T01:34:54","guid":{"rendered":"https:\/\/www.elpolitologoyelpolitico.com.ar\/wordpress\/?p=22542"},"modified":"2022-07-21T01:36:08","modified_gmt":"2022-07-21T01:36:08","slug":"promoviendo-autonomias-provincia-y-municipios-ya-trabajan-en-su-implementacion","status":"publish","type":"post","link":"https:\/\/www.elpolitologoyelpolitico.com.ar\/wordpress\/2022\/07\/21\/promoviendo-autonomias-provincia-y-municipios-ya-trabajan-en-su-implementacion\/","title":{"rendered":"Promoviendo autonom\u00edas: Provincia y Municipios ya trabajan en su implementaci\u00f3n"},"content":{"rendered":"\n<p>A trav\u00e9s de una reuni\u00f3n virtual con referentes municipales de g\u00e9nero y diversidad, comenz\u00f3 la implementaci\u00f3n del plan transversal \u00abPromoviendo autonom\u00edas\u00bb, que busca fomentar y fortalecer las potencialidades individuales y colectivas de mujeres y disidencias en todo el territorio rionegrino.<\/p>\n\n\n\n<p>Este plan tiene como objetivo de transversalizar pol\u00edticas p\u00fablicas para la igualdad de g\u00e9nero, generando espacios comunitarios y territoriales de recreaci\u00f3n, formaci\u00f3n y capacitaci\u00f3n.<\/p>\n\n\n\n<p>Es por esto que la Secretar\u00eda de Coordinaci\u00f3n de Pol\u00edticas P\u00fablicas con Perspectiva de G\u00e9nero del Ministerio de Gobierno y Comunidad lo articular\u00e1 de forma directa con las \u00e1reas de g\u00e9nero y diversidad municipales.<\/p>\n\n\n\n<p>En base a las necesidades que cada proyecto presente, se vincular\u00e1 la solicitud al programa que m\u00e1s se adec\u00fae. Los programas que comprende este plan son el Emprender, Desarrollo Local, Recrearte del Ministerio de Desarrollo Humano y Mujeres Emprendedoras de la Agencia Crear.<\/p>\n\n\n\n<p>Al respecto, la Secretaria de Coordinaci\u00f3n de Pol\u00edticas P\u00fablicas con Perspectiva de G\u00e9nero, Luz Val Heredia, indic\u00f3 que \u201choy mantuvimos esta reuni\u00f3n para darle forma a lo que va a ser el trabajo en el territorio. El objetivo del plan es generar grupos de mujeres y disidencias sexuales para trabajar en cada uno de los municipios para poder trabajar en funci\u00f3n de garantizar la independencia econ\u00f3mica de estas personas que se acerquen a los grupos\u201d.<\/p>\n<div class=\"fb-background-color\">\n\t\t\t  <div \n\t\t\t  \tclass = \"fb-comments\" \n\t\t\t  \tdata-href = \"https:\/\/www.elpolitologoyelpolitico.com.ar\/wordpress\/2022\/07\/21\/promoviendo-autonomias-provincia-y-municipios-ya-trabajan-en-su-implementacion\/\"\n\t\t\t  \tdata-numposts = \"10\"\n\t\t\t  \tdata-lazy = \"true\"\n\t\t\t\tdata-colorscheme = \"light\"\n\t\t\t\tdata-order-by = \"social\"\n\t\t\t\tdata-mobile=true>\n\t\t\t  <\/div><\/div>\n\t\t  <style>\n\t\t    .fb-background-color {\n\t\t\t\tbackground: #ffffff !important;\n\t\t\t}\n\t\t\t.fb_iframe_widget_fluid_desktop iframe {\n\t\t\t    width: 100% !important;\n\t\t\t}\n\t\t  <\/style>\n\t\t  ","protected":false},"excerpt":{"rendered":"<p>A trav\u00e9s de una reuni\u00f3n virtual con referentes municipales de g\u00e9nero y diversidad, comenz\u00f3 la implementaci\u00f3n del plan transversal \u00abPromoviendo autonom\u00edas\u00bb, que busca fomentar y fortalecer las potencialidades individuales y colectivas de mujeres y disidencias en todo el territorio rionegrino. Este plan tiene como objetivo de transversalizar pol\u00edticas p\u00fablicas para la igualdad de g\u00e9nero, generando [&hellip;]<\/p>\n","protected":false},"author":4,"featured_media":22543,"comment_status":"closed","ping_status":"closed","sticky":false,"template":"","format":"standard","meta":{"_joinchat":[],"footnotes":""},"categories":[4],"tags":[],"class_list":["post-22542","post","type-post","status-publish","format-standard","has-post-thumbnail","hentry","category-politicas-publicas"],"_links":{"self":[{"href":"https:\/\/www.elpolitologoyelpolitico.com.ar\/wordpress\/wp-json\/wp\/v2\/posts\/22542","targetHints":{"allow":["GET"]}}],"collection":[{"href":"https:\/\/www.elpolitologoyelpolitico.com.ar\/wordpress\/wp-json\/wp\/v2\/posts"}],"about":[{"href":"https:\/\/www.elpolitologoyelpolitico.com.ar\/wordpress\/wp-json\/wp\/v2\/types\/post"}],"author":[{"embeddable":true,"href":"https:\/\/www.elpolitologoyelpolitico.com.ar\/wordpress\/wp-json\/wp\/v2\/users\/4"}],"replies":[{"embeddable":true,"href":"https:\/\/www.elpolitologoyelpolitico.com.ar\/wordpress\/wp-json\/wp\/v2\/comments?post=22542"}],"version-history":[{"count":0,"href":"https:\/\/www.elpolitologoyelpolitico.com.ar\/wordpress\/wp-json\/wp\/v2\/posts\/22542\/revisions"}],"wp:featuredmedia":[{"embeddable":true,"href":"https:\/\/www.elpolitologoyelpolitico.com.ar\/wordpress\/wp-json\/wp\/v2\/media\/22543"}],"wp:attachment":[{"href":"https:\/\/www.elpolitologoyelpolitico.com.ar\/wordpress\/wp-json\/wp\/v2\/media?parent=22542"}],"wp:term":[{"taxonomy":"category","embeddable":true,"href":"https:\/\/www.elpolitologoyelpolitico.com.ar\/wordpress\/wp-json\/wp\/v2\/categories?post=22542"},{"taxonomy":"post_tag","embeddable":true,"href":"https:\/\/www.elpolitologoyelpolitico.com.ar\/wordpress\/wp-json\/wp\/v2\/tags?post=22542"}],"curies":[{"name":"wp","href":"https:\/\/api.w.org\/{rel}","templated":true}]}}