{"id":22537,"date":"2022-07-21T00:02:49","date_gmt":"2022-07-21T00:02:49","guid":{"rendered":"https:\/\/www.elpolitologoyelpolitico.com.ar\/wordpress\/?p=22537"},"modified":"2022-07-21T00:03:55","modified_gmt":"2022-07-21T00:03:55","slug":"finalizo-la-instancia-de-capacitacion-del-programa-de-entrenamiento-para-informantes-turisticos","status":"publish","type":"post","link":"https:\/\/www.elpolitologoyelpolitico.com.ar\/wordpress\/2022\/07\/21\/finalizo-la-instancia-de-capacitacion-del-programa-de-entrenamiento-para-informantes-turisticos\/","title":{"rendered":"Finaliz\u00f3 la Instancia de capacitaci\u00f3n del Programa de Entrenamiento para Informantes Tur\u00edsticos"},"content":{"rendered":"\n<p>El gobierno de Viedma a trav\u00e9s de la Subsecretar\u00eda de Turismo culmin\u00f3 la instancia de capacitaci\u00f3n y examen del Programa de Entrenamiento para Informantes Tur\u00edsticos.<\/p>\n\n\n\n<p>Fueron m\u00e1s de 250 viedmenses los que se postularon y 30 los que participaron de la capacitaci\u00f3n, donde finalmente ser\u00e1n elegidas cinco personas para renovar la prestaci\u00f3n de servicios tanto en la oficina de informes tur\u00edsticos de Viedma como en la de El C\u00f3ndor.<\/p>\n\n\n\n<p>Tras una primera capacitaci\u00f3n dictada por el personal t\u00e9cnico de la Subsecretar\u00eda, se procedi\u00f3 a la evaluaci\u00f3n de aptitudes necesarias para la participaci\u00f3n del programa.<\/p>\n\n\n\n<p>Quienes ya dejaron sus curriculum vitae, quedar\u00e1n en la base de datos de la Subsecretaria de Turismo para nuevas convocatorias.<\/p>\n\n\n\n<p>El Programa de Entrenamiento para Informantes Tur\u00edsticos, apunta a estudiantes de turismo, gastronom\u00eda, hoteler\u00eda, carreras afines&nbsp; y profesionales con o sin experiencia laboral.<\/p>\n\n\n\n<p>Los objetivos de las capacitaciones son transmitir las fortalezas de nuestro destino, en un \u00e1mbito\u00a0 donde la principal tarea es la relaci\u00f3n directa con el turista.<\/p>\n\n\n\n<figure class=\"wp-block-image size-full\"><img fetchpriority=\"high\" decoding=\"async\" width=\"720\" height=\"324\" src=\"https:\/\/www.elpolitologoyelpolitico.com.ar\/wp-content\/uploads\/2022\/07\/IMG-20220720-WA0027.jpg\" alt=\"\" class=\"wp-image-22539\" srcset=\"https:\/\/www.elpolitologoyelpolitico.com.ar\/wp-content\/uploads\/2022\/07\/IMG-20220720-WA0027.jpg 720w, https:\/\/www.elpolitologoyelpolitico.com.ar\/wp-content\/uploads\/2022\/07\/IMG-20220720-WA0027-300x135.jpg 300w\" sizes=\"(max-width: 720px) 100vw, 720px\" \/><\/figure>\n<div class=\"fb-background-color\">\n\t\t\t  <div \n\t\t\t  \tclass = \"fb-comments\" \n\t\t\t  \tdata-href = \"https:\/\/www.elpolitologoyelpolitico.com.ar\/wordpress\/2022\/07\/21\/finalizo-la-instancia-de-capacitacion-del-programa-de-entrenamiento-para-informantes-turisticos\/\"\n\t\t\t  \tdata-numposts = \"10\"\n\t\t\t  \tdata-lazy = \"true\"\n\t\t\t\tdata-colorscheme = \"light\"\n\t\t\t\tdata-order-by = \"social\"\n\t\t\t\tdata-mobile=true>\n\t\t\t  <\/div><\/div>\n\t\t  <style>\n\t\t    .fb-background-color {\n\t\t\t\tbackground: #ffffff !important;\n\t\t\t}\n\t\t\t.fb_iframe_widget_fluid_desktop iframe {\n\t\t\t    width: 100% !important;\n\t\t\t}\n\t\t  <\/style>\n\t\t  ","protected":false},"excerpt":{"rendered":"<p>El gobierno de Viedma a trav\u00e9s de la Subsecretar\u00eda de Turismo culmin\u00f3 la instancia de capacitaci\u00f3n y examen del Programa de Entrenamiento para Informantes Tur\u00edsticos. Fueron m\u00e1s de 250 viedmenses los que se postularon y 30 los que participaron de la capacitaci\u00f3n, donde finalmente ser\u00e1n elegidas cinco personas para renovar la prestaci\u00f3n de servicios tanto [&hellip;]<\/p>\n","protected":false},"author":4,"featured_media":22538,"comment_status":"closed","ping_status":"closed","sticky":false,"template":"","format":"standard","meta":{"_joinchat":[],"footnotes":""},"categories":[4],"tags":[],"class_list":["post-22537","post","type-post","status-publish","format-standard","has-post-thumbnail","hentry","category-politicas-publicas"],"_links":{"self":[{"href":"https:\/\/www.elpolitologoyelpolitico.com.ar\/wordpress\/wp-json\/wp\/v2\/posts\/22537","targetHints":{"allow":["GET"]}}],"collection":[{"href":"https:\/\/www.elpolitologoyelpolitico.com.ar\/wordpress\/wp-json\/wp\/v2\/posts"}],"about":[{"href":"https:\/\/www.elpolitologoyelpolitico.com.ar\/wordpress\/wp-json\/wp\/v2\/types\/post"}],"author":[{"embeddable":true,"href":"https:\/\/www.elpolitologoyelpolitico.com.ar\/wordpress\/wp-json\/wp\/v2\/users\/4"}],"replies":[{"embeddable":true,"href":"https:\/\/www.elpolitologoyelpolitico.com.ar\/wordpress\/wp-json\/wp\/v2\/comments?post=22537"}],"version-history":[{"count":0,"href":"https:\/\/www.elpolitologoyelpolitico.com.ar\/wordpress\/wp-json\/wp\/v2\/posts\/22537\/revisions"}],"wp:featuredmedia":[{"embeddable":true,"href":"https:\/\/www.elpolitologoyelpolitico.com.ar\/wordpress\/wp-json\/wp\/v2\/media\/22538"}],"wp:attachment":[{"href":"https:\/\/www.elpolitologoyelpolitico.com.ar\/wordpress\/wp-json\/wp\/v2\/media?parent=22537"}],"wp:term":[{"taxonomy":"category","embeddable":true,"href":"https:\/\/www.elpolitologoyelpolitico.com.ar\/wordpress\/wp-json\/wp\/v2\/categories?post=22537"},{"taxonomy":"post_tag","embeddable":true,"href":"https:\/\/www.elpolitologoyelpolitico.com.ar\/wordpress\/wp-json\/wp\/v2\/tags?post=22537"}],"curies":[{"name":"wp","href":"https:\/\/api.w.org\/{rel}","templated":true}]}}