{"id":22530,"date":"2022-07-20T22:43:29","date_gmt":"2022-07-20T22:43:29","guid":{"rendered":"https:\/\/www.elpolitologoyelpolitico.com.ar\/wordpress\/?p=22530"},"modified":"2022-07-20T22:44:45","modified_gmt":"2022-07-20T22:44:45","slug":"patagones-cuenta-con-una-nueva-ambulancia-para-cuidados-intensivos-de-alta-complejidad","status":"publish","type":"post","link":"https:\/\/www.elpolitologoyelpolitico.com.ar\/wordpress\/2022\/07\/20\/patagones-cuenta-con-una-nueva-ambulancia-para-cuidados-intensivos-de-alta-complejidad\/","title":{"rendered":"Patagones cuenta con una nueva ambulancia para Cuidados Intensivos de Alta Complejidad."},"content":{"rendered":"\n<p>El Intendente Municipal, Ing. Jos\u00e9 Luis Zara, presidi\u00f3 este martes en inmediaciones del palacio municipal, el acto de entrega de una nueva Unidad de Cuidados Intensivos de Alta Complejidad, al equipo de Salud.&nbsp;<\/p>\n\n\n\n<p>Estuvieron presentes, la Secretaria de Salud, Dra. M\u00f3nica Mucha, el Secretario de Hacienda, Ricardo Teller\u00eda, el Secretario de Gobierno, Daniel Paredes, el Director del Hospital \u00abPedro Ecay\u00bb, Dr. Adri\u00e1n Maggio,la Coordinadora de Programas Sanitarios, Lic. Mabel Guzm\u00e1n, la Jefa de Enfermer\u00eda, Mar\u00eda del Carmen Borsella, el Presidente del Honorable Concejo Deliberante, Julio Costantino, los concejales de Juntos; Romina Colombi y Ricardo Angos, y personal de Salud.\u00a0<\/p>\n\n\n\n<figure class=\"wp-block-image size-full\"><img fetchpriority=\"high\" decoding=\"async\" width=\"720\" height=\"540\" src=\"https:\/\/www.elpolitologoyelpolitico.com.ar\/wp-content\/uploads\/2022\/07\/IMG-20220720-WA0024.jpg\" alt=\"\" class=\"wp-image-22532\" srcset=\"https:\/\/www.elpolitologoyelpolitico.com.ar\/wp-content\/uploads\/2022\/07\/IMG-20220720-WA0024.jpg 720w, https:\/\/www.elpolitologoyelpolitico.com.ar\/wp-content\/uploads\/2022\/07\/IMG-20220720-WA0024-300x225.jpg 300w\" sizes=\"(max-width: 720px) 100vw, 720px\" \/><\/figure>\n\n\n\n<p>La nueva ambulancia, completamente equipada, fue adquirida con fondos del Plan Sumar por un monto aproximado de 14 millones de pesos.&nbsp;<\/p>\n\n\n\n<p>\u201cCon esto aumentamos la complejidad en la asistencia de traslado de pacientes. Agradecemos mucho, principalmente a la Coordinadora de Programas Sanitarios \u2013 Mabel Guzman- por su esfuerzo y trabajo, a los empleados que trabajaron por esto junto a nosotros y quienes se quedaron horas cargando datos -del Plan Sumar- generando una mejor respuesta para obtener esta ambulancia que va a servir a toda la comunidad\u201d, destac\u00f3 la Secretaria de Salud, Dra, M\u00f3nica Mucha, tras la presentaci\u00f3n de la Unidad.\u00a0<\/p>\n\n\n\n<figure class=\"wp-block-image size-full\"><img decoding=\"async\" width=\"720\" height=\"540\" src=\"https:\/\/www.elpolitologoyelpolitico.com.ar\/wp-content\/uploads\/2022\/07\/IMG-20220720-WA0025.jpg\" alt=\"\" class=\"wp-image-22533\" srcset=\"https:\/\/www.elpolitologoyelpolitico.com.ar\/wp-content\/uploads\/2022\/07\/IMG-20220720-WA0025.jpg 720w, https:\/\/www.elpolitologoyelpolitico.com.ar\/wp-content\/uploads\/2022\/07\/IMG-20220720-WA0025-300x225.jpg 300w\" sizes=\"(max-width: 720px) 100vw, 720px\" \/><\/figure>\n\n\n\n<p>A continuaci\u00f3n se expres\u00f3 el Intendente Municipal, Ing. Jos\u00e9 Luis Zara: \u201cEs un dia de alegr\u00eda contar nuevamente con una ambulancia. Hace poco hicimos entrega de una unidad menor y esta ambulancia de alta complejidad se suma al hospital \u201cPedro Ecay\u201d para responder a la demanda que tenemos de ir cambiando las ambulancias que tienen muchos a\u00f1os. Agradezco al \u00e1rea de Salud, al Plan Sumar y el trabajo de todos los d\u00edas de la gente del \u00e1rea de Salud que incorporan toda la informaci\u00f3n para que este programa nos permita, no solo la compra de esta ambulancia, sino la cantidad de equipamiento que se ha entregado a los distintos hospitales del Partido de Patagones\u201d.\u00a0<\/p>\n\n\n\n<figure class=\"wp-block-image size-full\"><img decoding=\"async\" width=\"720\" height=\"509\" src=\"https:\/\/www.elpolitologoyelpolitico.com.ar\/wp-content\/uploads\/2022\/07\/IMG-20220720-WA0026.jpg\" alt=\"\" class=\"wp-image-22534\" srcset=\"https:\/\/www.elpolitologoyelpolitico.com.ar\/wp-content\/uploads\/2022\/07\/IMG-20220720-WA0026.jpg 720w, https:\/\/www.elpolitologoyelpolitico.com.ar\/wp-content\/uploads\/2022\/07\/IMG-20220720-WA0026-300x212.jpg 300w\" sizes=\"(max-width: 720px) 100vw, 720px\" \/><\/figure>\n\n\n\n<p>\u201cPara m\u00ed es un orgullo, es un equipo m\u00e1s para el Distrito, de a poco vamos dando respuestas a las necesidades. Cada vez que hacemos entrega de un equipo de salud para nosotros es un orgullo porque significa que estamos dando respuestas a la comunidad, brindando un mejor servicio, m\u00e1s all\u00e1 de las falencias que tenemos, pero trabajando todos comprometidos con la comunidad\u201d, concluy\u00f3 el jefe comunal.<\/p>\n\n\n\n<p><\/p>\n<div class=\"fb-background-color\">\n\t\t\t  <div \n\t\t\t  \tclass = \"fb-comments\" \n\t\t\t  \tdata-href = \"https:\/\/www.elpolitologoyelpolitico.com.ar\/wordpress\/2022\/07\/20\/patagones-cuenta-con-una-nueva-ambulancia-para-cuidados-intensivos-de-alta-complejidad\/\"\n\t\t\t  \tdata-numposts = \"10\"\n\t\t\t  \tdata-lazy = \"true\"\n\t\t\t\tdata-colorscheme = \"light\"\n\t\t\t\tdata-order-by = \"social\"\n\t\t\t\tdata-mobile=true>\n\t\t\t  <\/div><\/div>\n\t\t  <style>\n\t\t    .fb-background-color {\n\t\t\t\tbackground: #ffffff !important;\n\t\t\t}\n\t\t\t.fb_iframe_widget_fluid_desktop iframe {\n\t\t\t    width: 100% !important;\n\t\t\t}\n\t\t  <\/style>\n\t\t  ","protected":false},"excerpt":{"rendered":"<p>El Intendente Municipal, Ing. Jos\u00e9 Luis Zara, presidi\u00f3 este martes en inmediaciones del palacio municipal, el acto de entrega de una nueva Unidad de Cuidados Intensivos de Alta Complejidad, al equipo de Salud.&nbsp; Estuvieron presentes, la Secretaria de Salud, Dra. M\u00f3nica Mucha, el Secretario de Hacienda, Ricardo Teller\u00eda, el Secretario de Gobierno, Daniel Paredes, el [&hellip;]<\/p>\n","protected":false},"author":4,"featured_media":22531,"comment_status":"closed","ping_status":"closed","sticky":false,"template":"","format":"standard","meta":{"_joinchat":[],"footnotes":""},"categories":[4],"tags":[],"class_list":["post-22530","post","type-post","status-publish","format-standard","has-post-thumbnail","hentry","category-politicas-publicas"],"_links":{"self":[{"href":"https:\/\/www.elpolitologoyelpolitico.com.ar\/wordpress\/wp-json\/wp\/v2\/posts\/22530","targetHints":{"allow":["GET"]}}],"collection":[{"href":"https:\/\/www.elpolitologoyelpolitico.com.ar\/wordpress\/wp-json\/wp\/v2\/posts"}],"about":[{"href":"https:\/\/www.elpolitologoyelpolitico.com.ar\/wordpress\/wp-json\/wp\/v2\/types\/post"}],"author":[{"embeddable":true,"href":"https:\/\/www.elpolitologoyelpolitico.com.ar\/wordpress\/wp-json\/wp\/v2\/users\/4"}],"replies":[{"embeddable":true,"href":"https:\/\/www.elpolitologoyelpolitico.com.ar\/wordpress\/wp-json\/wp\/v2\/comments?post=22530"}],"version-history":[{"count":0,"href":"https:\/\/www.elpolitologoyelpolitico.com.ar\/wordpress\/wp-json\/wp\/v2\/posts\/22530\/revisions"}],"wp:featuredmedia":[{"embeddable":true,"href":"https:\/\/www.elpolitologoyelpolitico.com.ar\/wordpress\/wp-json\/wp\/v2\/media\/22531"}],"wp:attachment":[{"href":"https:\/\/www.elpolitologoyelpolitico.com.ar\/wordpress\/wp-json\/wp\/v2\/media?parent=22530"}],"wp:term":[{"taxonomy":"category","embeddable":true,"href":"https:\/\/www.elpolitologoyelpolitico.com.ar\/wordpress\/wp-json\/wp\/v2\/categories?post=22530"},{"taxonomy":"post_tag","embeddable":true,"href":"https:\/\/www.elpolitologoyelpolitico.com.ar\/wordpress\/wp-json\/wp\/v2\/tags?post=22530"}],"curies":[{"name":"wp","href":"https:\/\/api.w.org\/{rel}","templated":true}]}}