{"id":22496,"date":"2022-07-20T02:17:39","date_gmt":"2022-07-20T02:17:39","guid":{"rendered":"https:\/\/www.elpolitologoyelpolitico.com.ar\/wordpress\/?p=22496"},"modified":"2022-07-20T14:17:32","modified_gmt":"2022-07-20T14:17:32","slug":"manana-sesiona-el-concejo-deliberante-de-patagones-4","status":"publish","type":"post","link":"https:\/\/www.elpolitologoyelpolitico.com.ar\/wordpress\/2022\/07\/20\/manana-sesiona-el-concejo-deliberante-de-patagones-4\/","title":{"rendered":"Ma\u00f1ana sesiona el Concejo Deliberante de Patagones"},"content":{"rendered":"\n<p>Este mi\u00e9rcoles sesionar\u00e1 el Honorable Concejo Deliberante de Patagones, desde las 9 horas.<\/p>\n\n\n\n<p>Ser\u00e1 la 11va Sesi\u00f3n Ordinaria &#8211; &nbsp; Presencial&nbsp; &#8211; Per\u00edodo 2022.-&nbsp;&nbsp;<\/p>\n\n\n\n<p>La misma se podr\u00e1 seguir por streaming a trav\u00e9s de la pagina del HCD <a href=\"https:\/\/web.hcdpatagones.gob.ar\">https:\/\/web.hcdpatagones.gob.ar<\/a><\/p>\n\n\n\n<p>Estos son los proyectos ingresados para la sesi\u00f3n de ma\u00f1ana;<\/p>\n\n\n\n<figure class=\"wp-block-image size-large is-resized\"><img fetchpriority=\"high\" decoding=\"async\" src=\"https:\/\/www.elpolitologoyelpolitico.com.ar\/wp-content\/uploads\/2022\/07\/Screenshot_20220719-231111-1-653x1024.png\" alt=\"\" class=\"wp-image-22513\" width=\"505\" height=\"792\" srcset=\"https:\/\/www.elpolitologoyelpolitico.com.ar\/wp-content\/uploads\/2022\/07\/Screenshot_20220719-231111-1-653x1024.png 653w, https:\/\/www.elpolitologoyelpolitico.com.ar\/wp-content\/uploads\/2022\/07\/Screenshot_20220719-231111-1-191x300.png 191w, https:\/\/www.elpolitologoyelpolitico.com.ar\/wp-content\/uploads\/2022\/07\/Screenshot_20220719-231111-1.png 731w\" sizes=\"(max-width: 505px) 100vw, 505px\" \/><\/figure>\n\n\n\n<figure class=\"wp-block-gallery has-nested-images columns-default is-cropped wp-block-gallery-1 is-layout-flex wp-block-gallery-is-layout-flex\">\n<figure class=\"wp-block-image\"><img decoding=\"async\" src=\"blob:https:\/\/www.elpolitologoyelpolitico.com.ar\/5d3612cd-53c3-44f0-a94f-c2ab032529fc\" alt=\"\"\/><\/figure>\n<\/figure>\n\n\n\n<figure class=\"wp-block-image size-large\"><img decoding=\"async\" width=\"658\" height=\"1024\" src=\"https:\/\/www.elpolitologoyelpolitico.com.ar\/wp-content\/uploads\/2022\/07\/Screenshot_20220719-231133-1-658x1024.png\" alt=\"\" class=\"wp-image-22505\" srcset=\"https:\/\/www.elpolitologoyelpolitico.com.ar\/wp-content\/uploads\/2022\/07\/Screenshot_20220719-231133-1-658x1024.png 658w, https:\/\/www.elpolitologoyelpolitico.com.ar\/wp-content\/uploads\/2022\/07\/Screenshot_20220719-231133-1-193x300.png 193w, https:\/\/www.elpolitologoyelpolitico.com.ar\/wp-content\/uploads\/2022\/07\/Screenshot_20220719-231133-1.png 722w\" sizes=\"(max-width: 658px) 100vw, 658px\" \/><\/figure>\n\n\n\n<figure class=\"wp-block-image size-large\"><img decoding=\"async\" width=\"644\" height=\"1024\" src=\"https:\/\/www.elpolitologoyelpolitico.com.ar\/wp-content\/uploads\/2022\/07\/Screenshot_20220719-231156-1-644x1024.png\" alt=\"\" class=\"wp-image-22506\" srcset=\"https:\/\/www.elpolitologoyelpolitico.com.ar\/wp-content\/uploads\/2022\/07\/Screenshot_20220719-231156-1-644x1024.png 644w, https:\/\/www.elpolitologoyelpolitico.com.ar\/wp-content\/uploads\/2022\/07\/Screenshot_20220719-231156-1-189x300.png 189w, https:\/\/www.elpolitologoyelpolitico.com.ar\/wp-content\/uploads\/2022\/07\/Screenshot_20220719-231156-1.png 724w\" sizes=\"(max-width: 644px) 100vw, 644px\" \/><\/figure>\n\n\n\n<figure class=\"wp-block-image size-large\"><img loading=\"lazy\" decoding=\"async\" width=\"622\" height=\"1024\" src=\"https:\/\/www.elpolitologoyelpolitico.com.ar\/wp-content\/uploads\/2022\/07\/Screenshot_20220719-231216-1-622x1024.png\" alt=\"\" class=\"wp-image-22507\" srcset=\"https:\/\/www.elpolitologoyelpolitico.com.ar\/wp-content\/uploads\/2022\/07\/Screenshot_20220719-231216-1-622x1024.png 622w, https:\/\/www.elpolitologoyelpolitico.com.ar\/wp-content\/uploads\/2022\/07\/Screenshot_20220719-231216-1-182x300.png 182w, https:\/\/www.elpolitologoyelpolitico.com.ar\/wp-content\/uploads\/2022\/07\/Screenshot_20220719-231216-1.png 728w\" sizes=\"(max-width: 622px) 100vw, 622px\" \/><\/figure>\n\n\n\n<figure class=\"wp-block-image size-large\"><img loading=\"lazy\" decoding=\"async\" width=\"618\" height=\"1024\" src=\"https:\/\/www.elpolitologoyelpolitico.com.ar\/wp-content\/uploads\/2022\/07\/Screenshot_20220719-231236-1-618x1024.png\" alt=\"\" class=\"wp-image-22508\" srcset=\"https:\/\/www.elpolitologoyelpolitico.com.ar\/wp-content\/uploads\/2022\/07\/Screenshot_20220719-231236-1-618x1024.png 618w, https:\/\/www.elpolitologoyelpolitico.com.ar\/wp-content\/uploads\/2022\/07\/Screenshot_20220719-231236-1-181x300.png 181w, https:\/\/www.elpolitologoyelpolitico.com.ar\/wp-content\/uploads\/2022\/07\/Screenshot_20220719-231236-1.png 722w\" sizes=\"(max-width: 618px) 100vw, 618px\" \/><\/figure>\n\n\n\n<figure class=\"wp-block-image size-large\"><img loading=\"lazy\" decoding=\"async\" width=\"614\" height=\"1024\" src=\"https:\/\/www.elpolitologoyelpolitico.com.ar\/wp-content\/uploads\/2022\/07\/Screenshot_20220719-231252-1-614x1024.png\" alt=\"\" class=\"wp-image-22509\" srcset=\"https:\/\/www.elpolitologoyelpolitico.com.ar\/wp-content\/uploads\/2022\/07\/Screenshot_20220719-231252-1-614x1024.png 614w, https:\/\/www.elpolitologoyelpolitico.com.ar\/wp-content\/uploads\/2022\/07\/Screenshot_20220719-231252-1-180x300.png 180w, https:\/\/www.elpolitologoyelpolitico.com.ar\/wp-content\/uploads\/2022\/07\/Screenshot_20220719-231252-1.png 721w\" sizes=\"(max-width: 614px) 100vw, 614px\" \/><\/figure>\n\n\n\n<figure class=\"wp-block-image size-full\"><img loading=\"lazy\" decoding=\"async\" width=\"724\" height=\"396\" src=\"https:\/\/www.elpolitologoyelpolitico.com.ar\/wp-content\/uploads\/2022\/07\/Screenshot_20220719-231310-1.png\" alt=\"\" class=\"wp-image-22510\" srcset=\"https:\/\/www.elpolitologoyelpolitico.com.ar\/wp-content\/uploads\/2022\/07\/Screenshot_20220719-231310-1.png 724w, https:\/\/www.elpolitologoyelpolitico.com.ar\/wp-content\/uploads\/2022\/07\/Screenshot_20220719-231310-1-300x164.png 300w\" sizes=\"(max-width: 724px) 100vw, 724px\" \/><\/figure>\n<div class=\"fb-background-color\">\n\t\t\t  <div \n\t\t\t  \tclass = \"fb-comments\" \n\t\t\t  \tdata-href = \"https:\/\/www.elpolitologoyelpolitico.com.ar\/wordpress\/2022\/07\/20\/manana-sesiona-el-concejo-deliberante-de-patagones-4\/\"\n\t\t\t  \tdata-numposts = \"10\"\n\t\t\t  \tdata-lazy = \"true\"\n\t\t\t\tdata-colorscheme = \"light\"\n\t\t\t\tdata-order-by = \"social\"\n\t\t\t\tdata-mobile=true>\n\t\t\t  <\/div><\/div>\n\t\t  <style>\n\t\t    .fb-background-color {\n\t\t\t\tbackground: #ffffff !important;\n\t\t\t}\n\t\t\t.fb_iframe_widget_fluid_desktop iframe {\n\t\t\t    width: 100% !important;\n\t\t\t}\n\t\t  <\/style>\n\t\t  ","protected":false},"excerpt":{"rendered":"<p>Este mi\u00e9rcoles sesionar\u00e1 el Honorable Concejo Deliberante de Patagones, desde las 9 horas. Ser\u00e1 la 11va Sesi\u00f3n Ordinaria &#8211; &nbsp; Presencial&nbsp; &#8211; Per\u00edodo 2022.-&nbsp;&nbsp; La misma se podr\u00e1 seguir por streaming a trav\u00e9s de la pagina del HCD https:\/\/web.hcdpatagones.gob.ar Estos son los proyectos ingresados para la sesi\u00f3n de ma\u00f1ana;<\/p>\n","protected":false},"author":4,"featured_media":22497,"comment_status":"closed","ping_status":"closed","sticky":false,"template":"","format":"standard","meta":{"_joinchat":[],"footnotes":""},"categories":[39],"tags":[],"class_list":["post-22496","post","type-post","status-publish","format-standard","has-post-thumbnail","hentry","category-en-esta-seccion"],"_links":{"self":[{"href":"https:\/\/www.elpolitologoyelpolitico.com.ar\/wordpress\/wp-json\/wp\/v2\/posts\/22496","targetHints":{"allow":["GET"]}}],"collection":[{"href":"https:\/\/www.elpolitologoyelpolitico.com.ar\/wordpress\/wp-json\/wp\/v2\/posts"}],"about":[{"href":"https:\/\/www.elpolitologoyelpolitico.com.ar\/wordpress\/wp-json\/wp\/v2\/types\/post"}],"author":[{"embeddable":true,"href":"https:\/\/www.elpolitologoyelpolitico.com.ar\/wordpress\/wp-json\/wp\/v2\/users\/4"}],"replies":[{"embeddable":true,"href":"https:\/\/www.elpolitologoyelpolitico.com.ar\/wordpress\/wp-json\/wp\/v2\/comments?post=22496"}],"version-history":[{"count":0,"href":"https:\/\/www.elpolitologoyelpolitico.com.ar\/wordpress\/wp-json\/wp\/v2\/posts\/22496\/revisions"}],"wp:featuredmedia":[{"embeddable":true,"href":"https:\/\/www.elpolitologoyelpolitico.com.ar\/wordpress\/wp-json\/wp\/v2\/media\/22497"}],"wp:attachment":[{"href":"https:\/\/www.elpolitologoyelpolitico.com.ar\/wordpress\/wp-json\/wp\/v2\/media?parent=22496"}],"wp:term":[{"taxonomy":"category","embeddable":true,"href":"https:\/\/www.elpolitologoyelpolitico.com.ar\/wordpress\/wp-json\/wp\/v2\/categories?post=22496"},{"taxonomy":"post_tag","embeddable":true,"href":"https:\/\/www.elpolitologoyelpolitico.com.ar\/wordpress\/wp-json\/wp\/v2\/tags?post=22496"}],"curies":[{"name":"wp","href":"https:\/\/api.w.org\/{rel}","templated":true}]}}