{"id":22477,"date":"2022-07-19T18:17:52","date_gmt":"2022-07-19T18:17:52","guid":{"rendered":"https:\/\/www.elpolitologoyelpolitico.com.ar\/wordpress\/?p=22477"},"modified":"2022-07-19T18:18:16","modified_gmt":"2022-07-19T18:18:16","slug":"viedma-participo-en-el-torneo-nacional-de-karate-con-un-buen-desempeno","status":"publish","type":"post","link":"https:\/\/www.elpolitologoyelpolitico.com.ar\/wordpress\/2022\/07\/19\/viedma-participo-en-el-torneo-nacional-de-karate-con-un-buen-desempeno\/","title":{"rendered":"Viedma particip\u00f3 en el Torneo Nacional de Karate con un buen desempe\u00f1o"},"content":{"rendered":"\n<p>Chicas y chicos de la Escuela Municipal de Karate de Viedma tuvieron una destacada participaci\u00f3n en la competencia mas importante a Nivel Nacional.&nbsp;<\/p>\n\n\n\n<p>Este torneo se llevo a cabo en Mendoza y participaron de todas las provincias.&nbsp;<\/p>\n\n\n\n<p>Durante el certamen las y los competidores rionegrinos obtuvieron los siguientes logros:<\/p>\n\n\n\n<p>Cader Juana &#8211; 1\u00b0 puesto en kumite 12 y 13a\u00f1os.<\/p>\n\n\n\n<p>Malaczenko Morena -2\u00b0 puesto en&nbsp; kumite 12 y 13 a\u00f1os.<\/p>\n\n\n\n<p>Beistegui Jano- 2\u00b0 puesto en kumite 11 y 12 a\u00f1os.<\/p>\n\n\n\n<p>Ramos Iv\u00e1n &#8211; 3\u00b0 puesto en kumite 16 a\u00f1os.<\/p>\n\n\n\n<p>Medina Roc\u00edo &#8211; 3\u00b0 puesto en kumite 14 y 15 a\u00f1os .<\/p>\n\n\n\n<p>Rodrigues Melisa &#8211; 3\u00b0 puesto en kata no Ranking, 3\u00b0puestos en&nbsp; kumite 10 a\u00f1os.<\/p>\n\n\n\n<p>Pizzorno Eneas -3\u00b0 puesto kata no ranking, 3\u00b0puesto en&nbsp; kumite 9 y 10 a\u00f1os.<\/p>\n\n\n\n<p>L\u00f3pez Lorenzo -3\u00b0 puesto en kumite 17 a\u00f1os danes.<\/p>\n\n\n\n<p>De Vries Richard &#8211; 3\u00b0 puesto en kumite se\u00f1iors.<\/p>\n\n\n\n<figure class=\"wp-block-image size-full\"><img fetchpriority=\"high\" decoding=\"async\" width=\"720\" height=\"540\" src=\"https:\/\/www.elpolitologoyelpolitico.com.ar\/wp-content\/uploads\/2022\/07\/IMG-20220719-WA0025.jpg\" alt=\"\" class=\"wp-image-22479\" srcset=\"https:\/\/www.elpolitologoyelpolitico.com.ar\/wp-content\/uploads\/2022\/07\/IMG-20220719-WA0025.jpg 720w, https:\/\/www.elpolitologoyelpolitico.com.ar\/wp-content\/uploads\/2022\/07\/IMG-20220719-WA0025-300x225.jpg 300w\" sizes=\"(max-width: 720px) 100vw, 720px\" \/><\/figure>\n\n\n\n<p>Leguizam\u00f3n Sof\u00eda, Amaya Ambar, Malaczenko\u00a0 Zoe , Pichipil Joaqu\u00edn y Dominguez Jerem\u00edas tuvieron una muy buena representaci\u00f3n en el 28\u00b0 CAMPEONATO NACIONAL DE ESTILOS realizado en Maip\u00fa Mendoza los d\u00edas 15,16 y 17 de julio.<\/p>\n\n\n\n<figure class=\"wp-block-image size-full\"><img decoding=\"async\" width=\"720\" height=\"540\" src=\"https:\/\/www.elpolitologoyelpolitico.com.ar\/wp-content\/uploads\/2022\/07\/IMG-20220719-WA0026.jpg\" alt=\"\" class=\"wp-image-22480\" srcset=\"https:\/\/www.elpolitologoyelpolitico.com.ar\/wp-content\/uploads\/2022\/07\/IMG-20220719-WA0026.jpg 720w, https:\/\/www.elpolitologoyelpolitico.com.ar\/wp-content\/uploads\/2022\/07\/IMG-20220719-WA0026-300x225.jpg 300w\" sizes=\"(max-width: 720px) 100vw, 720px\" \/><\/figure>\n<div class=\"fb-background-color\">\n\t\t\t  <div \n\t\t\t  \tclass = \"fb-comments\" \n\t\t\t  \tdata-href = \"https:\/\/www.elpolitologoyelpolitico.com.ar\/wordpress\/2022\/07\/19\/viedma-participo-en-el-torneo-nacional-de-karate-con-un-buen-desempeno\/\"\n\t\t\t  \tdata-numposts = \"10\"\n\t\t\t  \tdata-lazy = \"true\"\n\t\t\t\tdata-colorscheme = \"light\"\n\t\t\t\tdata-order-by = \"social\"\n\t\t\t\tdata-mobile=true>\n\t\t\t  <\/div><\/div>\n\t\t  <style>\n\t\t    .fb-background-color {\n\t\t\t\tbackground: #ffffff !important;\n\t\t\t}\n\t\t\t.fb_iframe_widget_fluid_desktop iframe {\n\t\t\t    width: 100% !important;\n\t\t\t}\n\t\t  <\/style>\n\t\t  ","protected":false},"excerpt":{"rendered":"<p>Chicas y chicos de la Escuela Municipal de Karate de Viedma tuvieron una destacada participaci\u00f3n en la competencia mas importante a Nivel Nacional.&nbsp; Este torneo se llevo a cabo en Mendoza y participaron de todas las provincias.&nbsp; Durante el certamen las y los competidores rionegrinos obtuvieron los siguientes logros: Cader Juana &#8211; 1\u00b0 puesto en [&hellip;]<\/p>\n","protected":false},"author":4,"featured_media":22478,"comment_status":"closed","ping_status":"closed","sticky":false,"template":"","format":"standard","meta":{"_joinchat":[],"footnotes":""},"categories":[39],"tags":[],"class_list":["post-22477","post","type-post","status-publish","format-standard","has-post-thumbnail","hentry","category-en-esta-seccion"],"_links":{"self":[{"href":"https:\/\/www.elpolitologoyelpolitico.com.ar\/wordpress\/wp-json\/wp\/v2\/posts\/22477","targetHints":{"allow":["GET"]}}],"collection":[{"href":"https:\/\/www.elpolitologoyelpolitico.com.ar\/wordpress\/wp-json\/wp\/v2\/posts"}],"about":[{"href":"https:\/\/www.elpolitologoyelpolitico.com.ar\/wordpress\/wp-json\/wp\/v2\/types\/post"}],"author":[{"embeddable":true,"href":"https:\/\/www.elpolitologoyelpolitico.com.ar\/wordpress\/wp-json\/wp\/v2\/users\/4"}],"replies":[{"embeddable":true,"href":"https:\/\/www.elpolitologoyelpolitico.com.ar\/wordpress\/wp-json\/wp\/v2\/comments?post=22477"}],"version-history":[{"count":0,"href":"https:\/\/www.elpolitologoyelpolitico.com.ar\/wordpress\/wp-json\/wp\/v2\/posts\/22477\/revisions"}],"wp:featuredmedia":[{"embeddable":true,"href":"https:\/\/www.elpolitologoyelpolitico.com.ar\/wordpress\/wp-json\/wp\/v2\/media\/22478"}],"wp:attachment":[{"href":"https:\/\/www.elpolitologoyelpolitico.com.ar\/wordpress\/wp-json\/wp\/v2\/media?parent=22477"}],"wp:term":[{"taxonomy":"category","embeddable":true,"href":"https:\/\/www.elpolitologoyelpolitico.com.ar\/wordpress\/wp-json\/wp\/v2\/categories?post=22477"},{"taxonomy":"post_tag","embeddable":true,"href":"https:\/\/www.elpolitologoyelpolitico.com.ar\/wordpress\/wp-json\/wp\/v2\/tags?post=22477"}],"curies":[{"name":"wp","href":"https:\/\/api.w.org\/{rel}","templated":true}]}}