{"id":22468,"date":"2022-07-19T15:20:39","date_gmt":"2022-07-19T15:20:39","guid":{"rendered":"https:\/\/www.elpolitologoyelpolitico.com.ar\/wordpress\/?p=22468"},"modified":"2022-07-19T15:21:13","modified_gmt":"2022-07-19T15:21:13","slug":"quedo-desierto-el-llamado-a-la-licitacion-por-el-camping-de-la-loberia","status":"publish","type":"post","link":"https:\/\/www.elpolitologoyelpolitico.com.ar\/wordpress\/2022\/07\/19\/quedo-desierto-el-llamado-a-la-licitacion-por-el-camping-de-la-loberia\/","title":{"rendered":"Qued\u00f3 desierto el llamado a la licitaci\u00f3n por el camping de La Lober\u00eda"},"content":{"rendered":"\n<p>El llamado a licitaci\u00f3n para la concesi\u00f3n del servicio de camping en el balneario La Lober\u00eda qued\u00f3 desierto, pues ninguna de las ofertas presentadas reuni\u00f3 los requisitos m\u00ednimos para la adjudicaci\u00f3n.<\/p>\n\n\n\n<p>La convocatoria hab\u00eda tenido la asistencia de dos propuestas cuyos oferentes no pudieron demostrar de manera fehaciente la capacidad empresarial, t\u00e9cnica, econ\u00f3mica y financiera para su ejecuci\u00f3n de acuerdo a los requerimientos de los pliegos licitatorios.<\/p>\n\n\n\n<p>Mientras se resuelvan los pr\u00f3ximos pasos administrativos para una nueva convocatoria, se garantizar\u00e1 la continuidad de la prestaci\u00f3n del servicio.<\/p>\n<div class=\"fb-background-color\">\n\t\t\t  <div \n\t\t\t  \tclass = \"fb-comments\" \n\t\t\t  \tdata-href = \"https:\/\/www.elpolitologoyelpolitico.com.ar\/wordpress\/2022\/07\/19\/quedo-desierto-el-llamado-a-la-licitacion-por-el-camping-de-la-loberia\/\"\n\t\t\t  \tdata-numposts = \"10\"\n\t\t\t  \tdata-lazy = \"true\"\n\t\t\t\tdata-colorscheme = \"light\"\n\t\t\t\tdata-order-by = \"social\"\n\t\t\t\tdata-mobile=true>\n\t\t\t  <\/div><\/div>\n\t\t  <style>\n\t\t    .fb-background-color {\n\t\t\t\tbackground: #ffffff !important;\n\t\t\t}\n\t\t\t.fb_iframe_widget_fluid_desktop iframe {\n\t\t\t    width: 100% !important;\n\t\t\t}\n\t\t  <\/style>\n\t\t  ","protected":false},"excerpt":{"rendered":"<p>El llamado a licitaci\u00f3n para la concesi\u00f3n del servicio de camping en el balneario La Lober\u00eda qued\u00f3 desierto, pues ninguna de las ofertas presentadas reuni\u00f3 los requisitos m\u00ednimos para la adjudicaci\u00f3n. La convocatoria hab\u00eda tenido la asistencia de dos propuestas cuyos oferentes no pudieron demostrar de manera fehaciente la capacidad empresarial, t\u00e9cnica, econ\u00f3mica y financiera [&hellip;]<\/p>\n","protected":false},"author":4,"featured_media":22469,"comment_status":"closed","ping_status":"closed","sticky":false,"template":"","format":"standard","meta":{"_joinchat":[],"footnotes":""},"categories":[4],"tags":[],"class_list":["post-22468","post","type-post","status-publish","format-standard","has-post-thumbnail","hentry","category-politicas-publicas"],"_links":{"self":[{"href":"https:\/\/www.elpolitologoyelpolitico.com.ar\/wordpress\/wp-json\/wp\/v2\/posts\/22468","targetHints":{"allow":["GET"]}}],"collection":[{"href":"https:\/\/www.elpolitologoyelpolitico.com.ar\/wordpress\/wp-json\/wp\/v2\/posts"}],"about":[{"href":"https:\/\/www.elpolitologoyelpolitico.com.ar\/wordpress\/wp-json\/wp\/v2\/types\/post"}],"author":[{"embeddable":true,"href":"https:\/\/www.elpolitologoyelpolitico.com.ar\/wordpress\/wp-json\/wp\/v2\/users\/4"}],"replies":[{"embeddable":true,"href":"https:\/\/www.elpolitologoyelpolitico.com.ar\/wordpress\/wp-json\/wp\/v2\/comments?post=22468"}],"version-history":[{"count":0,"href":"https:\/\/www.elpolitologoyelpolitico.com.ar\/wordpress\/wp-json\/wp\/v2\/posts\/22468\/revisions"}],"wp:featuredmedia":[{"embeddable":true,"href":"https:\/\/www.elpolitologoyelpolitico.com.ar\/wordpress\/wp-json\/wp\/v2\/media\/22469"}],"wp:attachment":[{"href":"https:\/\/www.elpolitologoyelpolitico.com.ar\/wordpress\/wp-json\/wp\/v2\/media?parent=22468"}],"wp:term":[{"taxonomy":"category","embeddable":true,"href":"https:\/\/www.elpolitologoyelpolitico.com.ar\/wordpress\/wp-json\/wp\/v2\/categories?post=22468"},{"taxonomy":"post_tag","embeddable":true,"href":"https:\/\/www.elpolitologoyelpolitico.com.ar\/wordpress\/wp-json\/wp\/v2\/tags?post=22468"}],"curies":[{"name":"wp","href":"https:\/\/api.w.org\/{rel}","templated":true}]}}