{"id":22463,"date":"2022-07-19T14:04:50","date_gmt":"2022-07-19T14:04:50","guid":{"rendered":"https:\/\/www.elpolitologoyelpolitico.com.ar\/wordpress\/?p=22463"},"modified":"2022-07-19T14:06:50","modified_gmt":"2022-07-19T14:06:50","slug":"esta-abierta-la-inscripcion-para-participar-del-certamen-decision-ninez","status":"publish","type":"post","link":"https:\/\/www.elpolitologoyelpolitico.com.ar\/wordpress\/2022\/07\/19\/esta-abierta-la-inscripcion-para-participar-del-certamen-decision-ninez\/","title":{"rendered":"Esta abierta la inscripci\u00f3n para participar del certamen \u201cDecisi\u00f3n Ni\u00f1ez\u201d"},"content":{"rendered":"\n<p>La Direcci\u00f3n de Ni\u00f1ez Adolescencia, Juventud y G\u00e9nero te invita a participar del certamen \u00abDecisi\u00f3n Ni\u00f1ez\u00bb<\/p>\n\n\n\n<p><strong>\u00bfC\u00f3mo inscribirse?&nbsp;<\/strong><\/p>\n\n\n\n<p>A trav\u00e9s del siguiente Formulario de Google: <a href=\"https:\/\/docs.google.com\/forms\/d\/e\/1FAIpQLSePKYmCoTWjT7HFUJyi3qXpTzku_MAm5eVmyZGApzTXNh9RYw\/viewform\">https:\/\/docs.google.com\/forms\/d\/e\/1FAIpQLSePKYmCoTWjT7HFUJyi3qXpTzku_MAm5eVmyZGApzTXNh9RYw\/viewform<\/a><\/p>\n\n\n\n<p>O concurrir de forma presencial a la Direcci\u00f3n de Ni\u00f1ez, Adolescencia, Juventud y G\u00e9nero ubicada en la calle Lavalle 72, de lunes a jueves 10 a 12 horas, para llenar el formulario.<\/p>\n\n\n\n<p><strong>\u00bfQu\u00e9 es Decisi\u00f3n Ni\u00f1ez?<\/strong><\/p>\n\n\n\n<p>Es un programa que implement\u00f3 la Provincia de Buenos Aires para que los ni\u00f1os puedan presentar un proyecto en grupo para mejorar o realizar una acci\u00f3n en el barrio.<\/p>\n\n\n\n<p><strong>\u00a1Esta es una oportunidad para ustedes, para que junto a sus compa\u00f1eras y compa\u00f1eros puedan participar y decidir!<\/strong><\/p>\n\n\n\n<p><strong>\u00bfC\u00f3mo podr\u00edan mejorar su barrio?<\/strong><\/p>\n\n\n\n<p><strong>\u00bfC\u00f3mo les gustar\u00eda ayudar a ni\u00f1as, ni\u00f1os y adolescentes?<\/strong><\/p>\n\n\n\n<p><strong>\u00bfTienen alguna idea?<\/strong><\/p>\n\n\n\n<p><strong>\u00bfTienen muchas? \u00a1Qu\u00e9 bueno!<\/strong><\/p>\n\n\n\n<p><strong>\u00bfNo se les ocurre nada? No importa. An\u00f3tense igual y armen un grupo con otros chicos y chicas que tengan las mismas ganas de transformar el barrio y seguro algo se les va a ocurrir.<\/strong><\/p>\n\n\n\n<p><strong>\u00bfQUI\u00c9NES PUEDEN PARTICIPAR?<\/strong><\/p>\n\n\n\n<p>Ni\u00f1as, ni\u00f1os y adolescentes de 8 a 17 a\u00f1os inclusive. En dos categor\u00edas, de 8 a 12 y de 13 a 17.<\/p>\n\n\n\n<p>Adem\u00e1s, deben participar en grupos con un m\u00ednimo de 5 y un m\u00e1ximo de 25.<\/p>\n\n\n\n<p>Tambi\u00e9n es importante buscar alguna organizaci\u00f3n, club o asociaci\u00f3n que los acompa\u00f1e en el proyecto.<\/p>\n\n\n\n<p><strong>\u00bfC\u00d3MO SE FINANCIAN LOS PROYECTOS?<\/strong><\/p>\n\n\n\n<p>$400.000 para cada uno de los 144 proyectos elegidos.<\/p>\n\n\n\n<p>Pueden obtener financiamiento de hasta $400.000 para cada uno de los seis proyectos elegidos en cada uno de los 24 Servicios Zonales.<\/p>\n<div class=\"fb-background-color\">\n\t\t\t  <div \n\t\t\t  \tclass = \"fb-comments\" \n\t\t\t  \tdata-href = \"https:\/\/www.elpolitologoyelpolitico.com.ar\/wordpress\/2022\/07\/19\/esta-abierta-la-inscripcion-para-participar-del-certamen-decision-ninez\/\"\n\t\t\t  \tdata-numposts = \"10\"\n\t\t\t  \tdata-lazy = \"true\"\n\t\t\t\tdata-colorscheme = \"light\"\n\t\t\t\tdata-order-by = \"social\"\n\t\t\t\tdata-mobile=true>\n\t\t\t  <\/div><\/div>\n\t\t  <style>\n\t\t    .fb-background-color {\n\t\t\t\tbackground: #ffffff !important;\n\t\t\t}\n\t\t\t.fb_iframe_widget_fluid_desktop iframe {\n\t\t\t    width: 100% !important;\n\t\t\t}\n\t\t  <\/style>\n\t\t  ","protected":false},"excerpt":{"rendered":"<p>La Direcci\u00f3n de Ni\u00f1ez Adolescencia, Juventud y G\u00e9nero te invita a participar del certamen \u00abDecisi\u00f3n Ni\u00f1ez\u00bb \u00bfC\u00f3mo inscribirse?&nbsp; A trav\u00e9s del siguiente Formulario de Google: https:\/\/docs.google.com\/forms\/d\/e\/1FAIpQLSePKYmCoTWjT7HFUJyi3qXpTzku_MAm5eVmyZGApzTXNh9RYw\/viewform O concurrir de forma presencial a la Direcci\u00f3n de Ni\u00f1ez, Adolescencia, Juventud y G\u00e9nero ubicada en la calle Lavalle 72, de lunes a jueves 10 a 12 horas, para [&hellip;]<\/p>\n","protected":false},"author":4,"featured_media":22465,"comment_status":"closed","ping_status":"closed","sticky":false,"template":"","format":"standard","meta":{"_joinchat":[],"footnotes":""},"categories":[4],"tags":[],"class_list":["post-22463","post","type-post","status-publish","format-standard","has-post-thumbnail","hentry","category-politicas-publicas"],"_links":{"self":[{"href":"https:\/\/www.elpolitologoyelpolitico.com.ar\/wordpress\/wp-json\/wp\/v2\/posts\/22463","targetHints":{"allow":["GET"]}}],"collection":[{"href":"https:\/\/www.elpolitologoyelpolitico.com.ar\/wordpress\/wp-json\/wp\/v2\/posts"}],"about":[{"href":"https:\/\/www.elpolitologoyelpolitico.com.ar\/wordpress\/wp-json\/wp\/v2\/types\/post"}],"author":[{"embeddable":true,"href":"https:\/\/www.elpolitologoyelpolitico.com.ar\/wordpress\/wp-json\/wp\/v2\/users\/4"}],"replies":[{"embeddable":true,"href":"https:\/\/www.elpolitologoyelpolitico.com.ar\/wordpress\/wp-json\/wp\/v2\/comments?post=22463"}],"version-history":[{"count":0,"href":"https:\/\/www.elpolitologoyelpolitico.com.ar\/wordpress\/wp-json\/wp\/v2\/posts\/22463\/revisions"}],"wp:featuredmedia":[{"embeddable":true,"href":"https:\/\/www.elpolitologoyelpolitico.com.ar\/wordpress\/wp-json\/wp\/v2\/media\/22465"}],"wp:attachment":[{"href":"https:\/\/www.elpolitologoyelpolitico.com.ar\/wordpress\/wp-json\/wp\/v2\/media?parent=22463"}],"wp:term":[{"taxonomy":"category","embeddable":true,"href":"https:\/\/www.elpolitologoyelpolitico.com.ar\/wordpress\/wp-json\/wp\/v2\/categories?post=22463"},{"taxonomy":"post_tag","embeddable":true,"href":"https:\/\/www.elpolitologoyelpolitico.com.ar\/wordpress\/wp-json\/wp\/v2\/tags?post=22463"}],"curies":[{"name":"wp","href":"https:\/\/api.w.org\/{rel}","templated":true}]}}