{"id":22459,"date":"2022-07-18T22:54:15","date_gmt":"2022-07-18T22:54:15","guid":{"rendered":"https:\/\/www.elpolitologoyelpolitico.com.ar\/wordpress\/?p=22459"},"modified":"2022-07-18T22:55:00","modified_gmt":"2022-07-18T22:55:00","slug":"ingenieros-de-la-direccion-provincial-de-energia-estaran-este-miercoles-en-san-blas-por-el-suministro-electrico","status":"publish","type":"post","link":"https:\/\/www.elpolitologoyelpolitico.com.ar\/wordpress\/2022\/07\/18\/ingenieros-de-la-direccion-provincial-de-energia-estaran-este-miercoles-en-san-blas-por-el-suministro-electrico\/","title":{"rendered":"Ingenieros de la Direcci\u00f3n Provincial de Energ\u00eda estar\u00e1n este mi\u00e9rcoles en San Blas por el suministro el\u00e9ctrico"},"content":{"rendered":"\n<p>Asi se lo confirmo Gast\u00f3n Ghioni Subsecretar\u00edo&nbsp; de Energ\u00eda de la provincia de Buenos Aires a los integrantes del Bloque de Concejales del Frente de Todos de Patagones.<\/p>\n\n\n\n<p>Atento a los avances, luego de las gestiones realizadas de forma conjunta entre lo Ediles Frente de Todos, el Diputado bonaerense Dichiara e integrantes de la Cooperativa El\u00e9ctrica de Bah\u00eda San Blas ante autoridades del Ministerio de Infraestructuras de la provincia de Buenos Aires.&nbsp;<\/p>\n\n\n\n<p>En tal sentido desde esta bancada se&nbsp; informa, que ingenieros de la Direcci\u00f3n Provincial de Energ\u00eda estar\u00e1n este mi\u00e9rcoles en San Blas para realizar los primeros avances en el relevamiento de traza de la obra para el suministro de energ\u00eda el\u00e9ctrica en esa localidad, mantendr\u00e1n tambi\u00e9n reuniones con autoridades de la cooperativa y personal profesional de la misma.<\/p>\n\n\n\n<p>La obra son dos Estaciones Transformadoras de rebaje y tiene un presupuesto del Tesoro Provincial por $72.200.000 y ya est\u00e1 en el \u00e1rea administrativa de confecci\u00f3n de pliegos.<\/p>\n<div class=\"fb-background-color\">\n\t\t\t  <div \n\t\t\t  \tclass = \"fb-comments\" \n\t\t\t  \tdata-href = \"https:\/\/www.elpolitologoyelpolitico.com.ar\/wordpress\/2022\/07\/18\/ingenieros-de-la-direccion-provincial-de-energia-estaran-este-miercoles-en-san-blas-por-el-suministro-electrico\/\"\n\t\t\t  \tdata-numposts = \"10\"\n\t\t\t  \tdata-lazy = \"true\"\n\t\t\t\tdata-colorscheme = \"light\"\n\t\t\t\tdata-order-by = \"social\"\n\t\t\t\tdata-mobile=true>\n\t\t\t  <\/div><\/div>\n\t\t  <style>\n\t\t    .fb-background-color {\n\t\t\t\tbackground: #ffffff !important;\n\t\t\t}\n\t\t\t.fb_iframe_widget_fluid_desktop iframe {\n\t\t\t    width: 100% !important;\n\t\t\t}\n\t\t  <\/style>\n\t\t  ","protected":false},"excerpt":{"rendered":"<p>Asi se lo confirmo Gast\u00f3n Ghioni Subsecretar\u00edo&nbsp; de Energ\u00eda de la provincia de Buenos Aires a los integrantes del Bloque de Concejales del Frente de Todos de Patagones. Atento a los avances, luego de las gestiones realizadas de forma conjunta entre lo Ediles Frente de Todos, el Diputado bonaerense Dichiara e integrantes de la Cooperativa [&hellip;]<\/p>\n","protected":false},"author":4,"featured_media":22460,"comment_status":"closed","ping_status":"closed","sticky":false,"template":"","format":"standard","meta":{"_joinchat":[],"footnotes":""},"categories":[39],"tags":[],"class_list":["post-22459","post","type-post","status-publish","format-standard","has-post-thumbnail","hentry","category-en-esta-seccion"],"_links":{"self":[{"href":"https:\/\/www.elpolitologoyelpolitico.com.ar\/wordpress\/wp-json\/wp\/v2\/posts\/22459","targetHints":{"allow":["GET"]}}],"collection":[{"href":"https:\/\/www.elpolitologoyelpolitico.com.ar\/wordpress\/wp-json\/wp\/v2\/posts"}],"about":[{"href":"https:\/\/www.elpolitologoyelpolitico.com.ar\/wordpress\/wp-json\/wp\/v2\/types\/post"}],"author":[{"embeddable":true,"href":"https:\/\/www.elpolitologoyelpolitico.com.ar\/wordpress\/wp-json\/wp\/v2\/users\/4"}],"replies":[{"embeddable":true,"href":"https:\/\/www.elpolitologoyelpolitico.com.ar\/wordpress\/wp-json\/wp\/v2\/comments?post=22459"}],"version-history":[{"count":0,"href":"https:\/\/www.elpolitologoyelpolitico.com.ar\/wordpress\/wp-json\/wp\/v2\/posts\/22459\/revisions"}],"wp:featuredmedia":[{"embeddable":true,"href":"https:\/\/www.elpolitologoyelpolitico.com.ar\/wordpress\/wp-json\/wp\/v2\/media\/22460"}],"wp:attachment":[{"href":"https:\/\/www.elpolitologoyelpolitico.com.ar\/wordpress\/wp-json\/wp\/v2\/media?parent=22459"}],"wp:term":[{"taxonomy":"category","embeddable":true,"href":"https:\/\/www.elpolitologoyelpolitico.com.ar\/wordpress\/wp-json\/wp\/v2\/categories?post=22459"},{"taxonomy":"post_tag","embeddable":true,"href":"https:\/\/www.elpolitologoyelpolitico.com.ar\/wordpress\/wp-json\/wp\/v2\/tags?post=22459"}],"curies":[{"name":"wp","href":"https:\/\/api.w.org\/{rel}","templated":true}]}}