{"id":22452,"date":"2022-07-18T21:53:47","date_gmt":"2022-07-18T21:53:47","guid":{"rendered":"https:\/\/www.elpolitologoyelpolitico.com.ar\/wordpress\/?p=22452"},"modified":"2022-07-18T21:55:45","modified_gmt":"2022-07-18T21:55:45","slug":"el-museo-emma-nozzi-reabrio-sus-puertas-en-patagones","status":"publish","type":"post","link":"https:\/\/www.elpolitologoyelpolitico.com.ar\/wordpress\/2022\/07\/18\/el-museo-emma-nozzi-reabrio-sus-puertas-en-patagones\/","title":{"rendered":"El Museo Emma Nozzi reabri\u00f3 sus puertas en Patagones"},"content":{"rendered":"\n<p>Como estaba previsto, este lunes se concret\u00f3 la reapertura del Museo Hist\u00f3rico Regional Emma Nozzi, de Carmen de Patagones.&nbsp;<\/p>\n\n\n\n<p>La misma cont\u00f3 con la presencia del Intendente Municipal Ing. Jos\u00e9 Luis Zara, la Subsecretar\u00eda de Desarrollo Territorial, Eloisa Gaido, el Director de Turismo, Roque Baril\u00e1, autoridades locales del Banco de la Provincia de Buenos Aires, referentes del Museo y de la Asociaci\u00f3n Amigos del Museo.&nbsp;<\/p>\n\n\n\n<p>Adem\u00e1s, estuvieron presentes el presidente del Honorable Concejo Deliberante, Julio Costantino, y la concejal y presidente del Bloque Juntos, Romina Colombi.&nbsp;<\/p>\n\n\n\n<p>El Museo abri\u00f3 sus puertas luego de un per\u00edodo de larga interrupci\u00f3n que inici\u00f3 en el a\u00f1o 2018, tras las intensas gestiones que el municipio realiz\u00f3 ante el Gobernador bonarense, Axel Kicillof y el presidente del Banco de la Provincia, Juan Cuattromo.&nbsp;<\/p>\n\n\n\n<p>Previo al regreso a la actividad, se realizaron reformas edilicias y se incorpor\u00f3 personal para la atenci\u00f3n del hist\u00f3rico espacio.&nbsp;<\/p>\n\n\n\n<p>Oportunamente, el Intendente Zara destac\u00f3 que la reapertura concuerda con el receso invernal, una ocasi\u00f3n ideal para las familias y los turistas.<\/p>\n\n\n\n<p>En la ocasi\u00f3n, el historiador y referente de la entidad, Leonardo Dam, expres\u00f3 que \u201ces una enorme alegr\u00eda reabrir las puertas del Museo, sus tres edificios, que son patrimonio de la Naci\u00f3n Argentina, son monumentos hist\u00f3ricos de la Provincia de Buenos Aires, Patagonia bonaerense, pero fundamentalmente son de nuestros vecinos y vecinas del Partido de Patagones. Damos la bienvenida a todos los que nos visitan; vecinos, viajeros, turistas, y fundamentalmente a nuestros chicos; ni\u00f1os y ni\u00f1as de las escuelas\u201d.&nbsp;<\/p>\n\n\n\n<p>\u201cAgradecemos al Intendente, Jos\u00e9 Luis Zara, por el acompa\u00f1amiento constante a lo largo de estos a\u00f1os, gestionando la reapertura del Museo y por supuesto a los miembros de la Asociaci\u00f3n Amigos, que est\u00e1n siempre presentes\u201d, destac\u00f3 Dam.&nbsp;<\/p>\n\n\n\n<p>Luego, se realiz\u00f3 un recorrido por el edificio para observar las refacciones que se realizaron.<\/p>\n\n\n\n<figure class=\"wp-block-gallery has-nested-images columns-default is-cropped wp-block-gallery-1 is-layout-flex wp-block-gallery-is-layout-flex\">\n<figure class=\"wp-block-image size-large\"><img fetchpriority=\"high\" decoding=\"async\" width=\"719\" height=\"480\" data-id=\"22454\" src=\"https:\/\/www.elpolitologoyelpolitico.com.ar\/wp-content\/uploads\/2022\/07\/IMG-20220718-WA0043.jpg\" alt=\"\" class=\"wp-image-22454\" srcset=\"https:\/\/www.elpolitologoyelpolitico.com.ar\/wp-content\/uploads\/2022\/07\/IMG-20220718-WA0043.jpg 719w, https:\/\/www.elpolitologoyelpolitico.com.ar\/wp-content\/uploads\/2022\/07\/IMG-20220718-WA0043-300x200.jpg 300w\" sizes=\"(max-width: 719px) 100vw, 719px\" \/><\/figure>\n\n\n\n<figure class=\"wp-block-image size-large\"><img decoding=\"async\" width=\"720\" height=\"512\" data-id=\"22455\" src=\"https:\/\/www.elpolitologoyelpolitico.com.ar\/wp-content\/uploads\/2022\/07\/IMG-20220718-WA0044.jpg\" alt=\"\" class=\"wp-image-22455\" srcset=\"https:\/\/www.elpolitologoyelpolitico.com.ar\/wp-content\/uploads\/2022\/07\/IMG-20220718-WA0044.jpg 720w, https:\/\/www.elpolitologoyelpolitico.com.ar\/wp-content\/uploads\/2022\/07\/IMG-20220718-WA0044-300x213.jpg 300w\" sizes=\"(max-width: 720px) 100vw, 720px\" \/><\/figure>\n\n\n\n<figure class=\"wp-block-image size-large\"><img decoding=\"async\" width=\"720\" height=\"489\" data-id=\"22456\" src=\"https:\/\/www.elpolitologoyelpolitico.com.ar\/wp-content\/uploads\/2022\/07\/IMG-20220718-WA0042.jpg\" alt=\"\" class=\"wp-image-22456\" srcset=\"https:\/\/www.elpolitologoyelpolitico.com.ar\/wp-content\/uploads\/2022\/07\/IMG-20220718-WA0042.jpg 720w, https:\/\/www.elpolitologoyelpolitico.com.ar\/wp-content\/uploads\/2022\/07\/IMG-20220718-WA0042-300x204.jpg 300w\" sizes=\"(max-width: 720px) 100vw, 720px\" \/><\/figure>\n<\/figure>\n<div class=\"fb-background-color\">\n\t\t\t  <div \n\t\t\t  \tclass = \"fb-comments\" \n\t\t\t  \tdata-href = \"https:\/\/www.elpolitologoyelpolitico.com.ar\/wordpress\/2022\/07\/18\/el-museo-emma-nozzi-reabrio-sus-puertas-en-patagones\/\"\n\t\t\t  \tdata-numposts = \"10\"\n\t\t\t  \tdata-lazy = \"true\"\n\t\t\t\tdata-colorscheme = \"light\"\n\t\t\t\tdata-order-by = \"social\"\n\t\t\t\tdata-mobile=true>\n\t\t\t  <\/div><\/div>\n\t\t  <style>\n\t\t    .fb-background-color {\n\t\t\t\tbackground: #ffffff !important;\n\t\t\t}\n\t\t\t.fb_iframe_widget_fluid_desktop iframe {\n\t\t\t    width: 100% !important;\n\t\t\t}\n\t\t  <\/style>\n\t\t  ","protected":false},"excerpt":{"rendered":"<p>Como estaba previsto, este lunes se concret\u00f3 la reapertura del Museo Hist\u00f3rico Regional Emma Nozzi, de Carmen de Patagones.&nbsp; La misma cont\u00f3 con la presencia del Intendente Municipal Ing. Jos\u00e9 Luis Zara, la Subsecretar\u00eda de Desarrollo Territorial, Eloisa Gaido, el Director de Turismo, Roque Baril\u00e1, autoridades locales del Banco de la Provincia de Buenos Aires, [&hellip;]<\/p>\n","protected":false},"author":4,"featured_media":22453,"comment_status":"closed","ping_status":"closed","sticky":false,"template":"","format":"standard","meta":{"_joinchat":[],"footnotes":""},"categories":[39],"tags":[],"class_list":["post-22452","post","type-post","status-publish","format-standard","has-post-thumbnail","hentry","category-en-esta-seccion"],"_links":{"self":[{"href":"https:\/\/www.elpolitologoyelpolitico.com.ar\/wordpress\/wp-json\/wp\/v2\/posts\/22452","targetHints":{"allow":["GET"]}}],"collection":[{"href":"https:\/\/www.elpolitologoyelpolitico.com.ar\/wordpress\/wp-json\/wp\/v2\/posts"}],"about":[{"href":"https:\/\/www.elpolitologoyelpolitico.com.ar\/wordpress\/wp-json\/wp\/v2\/types\/post"}],"author":[{"embeddable":true,"href":"https:\/\/www.elpolitologoyelpolitico.com.ar\/wordpress\/wp-json\/wp\/v2\/users\/4"}],"replies":[{"embeddable":true,"href":"https:\/\/www.elpolitologoyelpolitico.com.ar\/wordpress\/wp-json\/wp\/v2\/comments?post=22452"}],"version-history":[{"count":0,"href":"https:\/\/www.elpolitologoyelpolitico.com.ar\/wordpress\/wp-json\/wp\/v2\/posts\/22452\/revisions"}],"wp:featuredmedia":[{"embeddable":true,"href":"https:\/\/www.elpolitologoyelpolitico.com.ar\/wordpress\/wp-json\/wp\/v2\/media\/22453"}],"wp:attachment":[{"href":"https:\/\/www.elpolitologoyelpolitico.com.ar\/wordpress\/wp-json\/wp\/v2\/media?parent=22452"}],"wp:term":[{"taxonomy":"category","embeddable":true,"href":"https:\/\/www.elpolitologoyelpolitico.com.ar\/wordpress\/wp-json\/wp\/v2\/categories?post=22452"},{"taxonomy":"post_tag","embeddable":true,"href":"https:\/\/www.elpolitologoyelpolitico.com.ar\/wordpress\/wp-json\/wp\/v2\/tags?post=22452"}],"curies":[{"name":"wp","href":"https:\/\/api.w.org\/{rel}","templated":true}]}}