{"id":22441,"date":"2022-07-18T17:33:53","date_gmt":"2022-07-18T17:33:53","guid":{"rendered":"https:\/\/www.elpolitologoyelpolitico.com.ar\/wordpress\/?p=22441"},"modified":"2022-07-18T17:34:37","modified_gmt":"2022-07-18T17:34:37","slug":"se-vivio-una-fiesta-en-la-cancha-y-estoy-feliz-por-el-logro-que-hicieron-los-muchachos","status":"publish","type":"post","link":"https:\/\/www.elpolitologoyelpolitico.com.ar\/wordpress\/2022\/07\/18\/se-vivio-una-fiesta-en-la-cancha-y-estoy-feliz-por-el-logro-que-hicieron-los-muchachos\/","title":{"rendered":"\u201cSe vivi\u00f3 una fiesta en la cancha y estoy feliz por el logro que hicieron los muchachos\u201d"},"content":{"rendered":"\n<p>Jorge Curruhinca es el t\u00e9cnico del club Inalauquen que se coron\u00f3 campe\u00f3n de la Liga Rionegrina.&nbsp;<\/p>\n\n\n\n<p>Este a\u00f1o ser\u00e1 inolvidable para el club Inalauquen y todos los que forman parte de esta instituci\u00f3n (desde jugadores, cuerpo t\u00e9cnico, dirigentes, familias e hinchas) porque por primera vez participaban en la Liga rionegrina y el resultado fue muy positivo.&nbsp;<\/p>\n\n\n\n<p>La reserva del Inalauquen se impuso ante la pe\u00f1a en los penales (luego de igualar 1 a 1 en el partido de ida y 0 a 0 en el partido de vuelta) y grit\u00f3 campe\u00f3n;&nbsp;<\/p>\n\n\n\n<p>\u201cFue un partido muy parejo y los dos equipos jugaron de igual a igual\u201d expres\u00f3 Curruhinca.<\/p>\n\n\n\n<p>Con respecto al rendimiento de primera, el t\u00e9cnico destac\u00f3 el torneo que se hizo llegando a instancias finales y perdiendo con Villalonga en la semifinal;<\/p>\n\n\n\n<p>\u201dSe hizo un buen papel y nos falt\u00f3 un poquito en la semi al quedar eliminados con un gran equipo que es Villalonga\u201d.<\/p>\n\n\n\n<figure class=\"wp-block-gallery has-nested-images columns-default is-cropped wp-block-gallery-1 is-layout-flex wp-block-gallery-is-layout-flex\">\n<figure class=\"wp-block-image size-large\"><img fetchpriority=\"high\" decoding=\"async\" width=\"1024\" height=\"687\" data-id=\"22443\" src=\"https:\/\/www.elpolitologoyelpolitico.com.ar\/wp-content\/uploads\/2022\/07\/IMG-20220718-WA0021-1024x687.jpg\" alt=\"\" class=\"wp-image-22443\" srcset=\"https:\/\/www.elpolitologoyelpolitico.com.ar\/wp-content\/uploads\/2022\/07\/IMG-20220718-WA0021-1024x687.jpg 1024w, https:\/\/www.elpolitologoyelpolitico.com.ar\/wp-content\/uploads\/2022\/07\/IMG-20220718-WA0021-300x201.jpg 300w, https:\/\/www.elpolitologoyelpolitico.com.ar\/wp-content\/uploads\/2022\/07\/IMG-20220718-WA0021-768x515.jpg 768w, https:\/\/www.elpolitologoyelpolitico.com.ar\/wp-content\/uploads\/2022\/07\/IMG-20220718-WA0021.jpg 1280w\" sizes=\"(max-width: 1024px) 100vw, 1024px\" \/><\/figure>\n\n\n\n<figure class=\"wp-block-image size-large\"><img decoding=\"async\" width=\"1024\" height=\"687\" data-id=\"22444\" src=\"https:\/\/www.elpolitologoyelpolitico.com.ar\/wp-content\/uploads\/2022\/07\/IMG-20220718-WA0022-1024x687.jpg\" alt=\"\" class=\"wp-image-22444\" srcset=\"https:\/\/www.elpolitologoyelpolitico.com.ar\/wp-content\/uploads\/2022\/07\/IMG-20220718-WA0022-1024x687.jpg 1024w, https:\/\/www.elpolitologoyelpolitico.com.ar\/wp-content\/uploads\/2022\/07\/IMG-20220718-WA0022-300x201.jpg 300w, https:\/\/www.elpolitologoyelpolitico.com.ar\/wp-content\/uploads\/2022\/07\/IMG-20220718-WA0022-768x515.jpg 768w, https:\/\/www.elpolitologoyelpolitico.com.ar\/wp-content\/uploads\/2022\/07\/IMG-20220718-WA0022.jpg 1280w\" sizes=\"(max-width: 1024px) 100vw, 1024px\" \/><\/figure>\n<\/figure>\n\n\n\n<p>La reserva solo perdi\u00f3 un partido en todo el campeonato y eso permiti\u00f3 terminar primero en la tabla general y jugar la superfinal con la pe\u00f1a.&nbsp;<\/p>\n\n\n\n<p>Seg\u00fan Jorge Curruhinca \u201cNosotros somos conscientes que se dejo la vara muy alta y ahora hay que sostener esto ajustando algunas cuestiones\u201d.<\/p>\n\n\n\n<p>El marco en la cancha fue muy buena y se vivi\u00f3 una fiesta el fin de semana.<\/p>\n\n\n\n<p>\u201cLa infraestructura que tiene la instituci\u00f3n no es como la de otros clubes porque no tenemos un espacio en donde trabajar y tenemos jugadores que trabajan, estudian y entrenan a la noche. Tuvimos mucho contratiempo y lo supimos superar\u201d indic\u00f3 el t\u00e9cnico campe\u00f3n.<\/p>\n\n\n\n<figure class=\"wp-block-gallery has-nested-images columns-default is-cropped wp-block-gallery-2 is-layout-flex wp-block-gallery-is-layout-flex\">\n<figure class=\"wp-block-image size-large\"><img decoding=\"async\" width=\"1024\" height=\"687\" data-id=\"22445\" src=\"https:\/\/www.elpolitologoyelpolitico.com.ar\/wp-content\/uploads\/2022\/07\/IMG-20220718-WA0024-1024x687.jpg\" alt=\"\" class=\"wp-image-22445\" srcset=\"https:\/\/www.elpolitologoyelpolitico.com.ar\/wp-content\/uploads\/2022\/07\/IMG-20220718-WA0024-1024x687.jpg 1024w, https:\/\/www.elpolitologoyelpolitico.com.ar\/wp-content\/uploads\/2022\/07\/IMG-20220718-WA0024-300x201.jpg 300w, https:\/\/www.elpolitologoyelpolitico.com.ar\/wp-content\/uploads\/2022\/07\/IMG-20220718-WA0024-768x515.jpg 768w, https:\/\/www.elpolitologoyelpolitico.com.ar\/wp-content\/uploads\/2022\/07\/IMG-20220718-WA0024.jpg 1280w\" sizes=\"(max-width: 1024px) 100vw, 1024px\" \/><\/figure>\n\n\n\n<figure class=\"wp-block-image size-large\"><img loading=\"lazy\" decoding=\"async\" width=\"1024\" height=\"687\" data-id=\"22446\" src=\"https:\/\/www.elpolitologoyelpolitico.com.ar\/wp-content\/uploads\/2022\/07\/IMG-20220718-WA0023-1024x687.jpg\" alt=\"\" class=\"wp-image-22446\" srcset=\"https:\/\/www.elpolitologoyelpolitico.com.ar\/wp-content\/uploads\/2022\/07\/IMG-20220718-WA0023-1024x687.jpg 1024w, https:\/\/www.elpolitologoyelpolitico.com.ar\/wp-content\/uploads\/2022\/07\/IMG-20220718-WA0023-300x201.jpg 300w, https:\/\/www.elpolitologoyelpolitico.com.ar\/wp-content\/uploads\/2022\/07\/IMG-20220718-WA0023-768x515.jpg 768w, https:\/\/www.elpolitologoyelpolitico.com.ar\/wp-content\/uploads\/2022\/07\/IMG-20220718-WA0023.jpg 1280w\" sizes=\"(max-width: 1024px) 100vw, 1024px\" \/><\/figure>\n<\/figure>\n\n\n\n<p>El pr\u00f3ximo torneo arranca en algunas semanas y Curruhinca indic\u00f3 \u201cSi se mejora en la parte f\u00edsica y el cuidado personal se puede hacer un gran papel y no estamos lejos del Deportivo Patagones, Villa Congreso y Sol de Mayo\u201d<\/p>\n\n\n\n<p>Y agreg\u00f3 \u201cInalauquen tiene algo extra que no lo tiene ning\u00fan equipo, que es ese empuje, esfuerzo y hambre de ganar\u201d.<\/p>\n\n\n\n<p>Detr\u00e1s de todo este logr\u00f3 hay mucha gente que trabaja para que el club este en lo mas alto.<\/p>\n\n\n\n<p>\u201cEl objetivo es seguir entrenando, sumando algunos jugadores y apuntar a las categor\u00edas inferiores, haciendo un buen papel como lo venimos haciendo\u201d Finaliz\u00f3 Jorge Curruhinca.<\/p>\n\n\n\n<figure class=\"wp-block-image size-full\"><img loading=\"lazy\" decoding=\"async\" width=\"720\" height=\"413\" src=\"https:\/\/www.elpolitologoyelpolitico.com.ar\/wp-content\/uploads\/2022\/07\/IMG-20220718-WA0025.jpg\" alt=\"\" class=\"wp-image-22447\" srcset=\"https:\/\/www.elpolitologoyelpolitico.com.ar\/wp-content\/uploads\/2022\/07\/IMG-20220718-WA0025.jpg 720w, https:\/\/www.elpolitologoyelpolitico.com.ar\/wp-content\/uploads\/2022\/07\/IMG-20220718-WA0025-300x172.jpg 300w\" sizes=\"(max-width: 720px) 100vw, 720px\" \/><\/figure>\n<div class=\"fb-background-color\">\n\t\t\t  <div \n\t\t\t  \tclass = \"fb-comments\" \n\t\t\t  \tdata-href = \"https:\/\/www.elpolitologoyelpolitico.com.ar\/wordpress\/2022\/07\/18\/se-vivio-una-fiesta-en-la-cancha-y-estoy-feliz-por-el-logro-que-hicieron-los-muchachos\/\"\n\t\t\t  \tdata-numposts = \"10\"\n\t\t\t  \tdata-lazy = \"true\"\n\t\t\t\tdata-colorscheme = \"light\"\n\t\t\t\tdata-order-by = \"social\"\n\t\t\t\tdata-mobile=true>\n\t\t\t  <\/div><\/div>\n\t\t  <style>\n\t\t    .fb-background-color {\n\t\t\t\tbackground: #ffffff !important;\n\t\t\t}\n\t\t\t.fb_iframe_widget_fluid_desktop iframe {\n\t\t\t    width: 100% !important;\n\t\t\t}\n\t\t  <\/style>\n\t\t  ","protected":false},"excerpt":{"rendered":"<p>Jorge Curruhinca es el t\u00e9cnico del club Inalauquen que se coron\u00f3 campe\u00f3n de la Liga Rionegrina.&nbsp; Este a\u00f1o ser\u00e1 inolvidable para el club Inalauquen y todos los que forman parte de esta instituci\u00f3n (desde jugadores, cuerpo t\u00e9cnico, dirigentes, familias e hinchas) porque por primera vez participaban en la Liga rionegrina y el resultado fue muy [&hellip;]<\/p>\n","protected":false},"author":4,"featured_media":22442,"comment_status":"closed","ping_status":"closed","sticky":false,"template":"","format":"standard","meta":{"_joinchat":[],"footnotes":""},"categories":[39],"tags":[],"class_list":["post-22441","post","type-post","status-publish","format-standard","has-post-thumbnail","hentry","category-en-esta-seccion"],"_links":{"self":[{"href":"https:\/\/www.elpolitologoyelpolitico.com.ar\/wordpress\/wp-json\/wp\/v2\/posts\/22441","targetHints":{"allow":["GET"]}}],"collection":[{"href":"https:\/\/www.elpolitologoyelpolitico.com.ar\/wordpress\/wp-json\/wp\/v2\/posts"}],"about":[{"href":"https:\/\/www.elpolitologoyelpolitico.com.ar\/wordpress\/wp-json\/wp\/v2\/types\/post"}],"author":[{"embeddable":true,"href":"https:\/\/www.elpolitologoyelpolitico.com.ar\/wordpress\/wp-json\/wp\/v2\/users\/4"}],"replies":[{"embeddable":true,"href":"https:\/\/www.elpolitologoyelpolitico.com.ar\/wordpress\/wp-json\/wp\/v2\/comments?post=22441"}],"version-history":[{"count":0,"href":"https:\/\/www.elpolitologoyelpolitico.com.ar\/wordpress\/wp-json\/wp\/v2\/posts\/22441\/revisions"}],"wp:featuredmedia":[{"embeddable":true,"href":"https:\/\/www.elpolitologoyelpolitico.com.ar\/wordpress\/wp-json\/wp\/v2\/media\/22442"}],"wp:attachment":[{"href":"https:\/\/www.elpolitologoyelpolitico.com.ar\/wordpress\/wp-json\/wp\/v2\/media?parent=22441"}],"wp:term":[{"taxonomy":"category","embeddable":true,"href":"https:\/\/www.elpolitologoyelpolitico.com.ar\/wordpress\/wp-json\/wp\/v2\/categories?post=22441"},{"taxonomy":"post_tag","embeddable":true,"href":"https:\/\/www.elpolitologoyelpolitico.com.ar\/wordpress\/wp-json\/wp\/v2\/tags?post=22441"}],"curies":[{"name":"wp","href":"https:\/\/api.w.org\/{rel}","templated":true}]}}