{"id":22437,"date":"2022-07-18T17:11:45","date_gmt":"2022-07-18T17:11:45","guid":{"rendered":"https:\/\/www.elpolitologoyelpolitico.com.ar\/wordpress\/?p=22437"},"modified":"2022-07-18T17:13:09","modified_gmt":"2022-07-18T17:13:09","slug":"censistas-cobraran-esta-semana","status":"publish","type":"post","link":"https:\/\/www.elpolitologoyelpolitico.com.ar\/wordpress\/2022\/07\/18\/censistas-cobraran-esta-semana\/","title":{"rendered":"Censistas cobrar\u00e1n esta semana"},"content":{"rendered":"\n<p>Mas de 700 mil censistan contin\u00faan sin cobrar lo que trabajaron el 18 de mayo.<\/p>\n\n\n\n<p>El INDEC dio a conocer que la entidad bancaria encargada del pago se encuentra procesando la informaci\u00f3n para realizar el pago el martes 19 y mi\u00e9rcoles 20 de julio.<\/p>\n\n\n\n<p>La inflaci\u00f3n de mayo fue de 5,1% y en junio fue de 5, 3 % lo que impacta en el pago total que recibir\u00e1n los que trabajaron en el censo 2022.&nbsp;<\/p>\n\n\n\n<p>Desde el Gobierno Nacional, no van a realizar ning\u00fan plus por la inflaci\u00f3n y dieron a conocer que en varias provincias ya realizaron el pago.&nbsp;<\/p>\n<div class=\"fb-background-color\">\n\t\t\t  <div \n\t\t\t  \tclass = \"fb-comments\" \n\t\t\t  \tdata-href = \"https:\/\/www.elpolitologoyelpolitico.com.ar\/wordpress\/2022\/07\/18\/censistas-cobraran-esta-semana\/\"\n\t\t\t  \tdata-numposts = \"10\"\n\t\t\t  \tdata-lazy = \"true\"\n\t\t\t\tdata-colorscheme = \"light\"\n\t\t\t\tdata-order-by = \"social\"\n\t\t\t\tdata-mobile=true>\n\t\t\t  <\/div><\/div>\n\t\t  <style>\n\t\t    .fb-background-color {\n\t\t\t\tbackground: #ffffff !important;\n\t\t\t}\n\t\t\t.fb_iframe_widget_fluid_desktop iframe {\n\t\t\t    width: 100% !important;\n\t\t\t}\n\t\t  <\/style>\n\t\t  ","protected":false},"excerpt":{"rendered":"<p>Mas de 700 mil censistan contin\u00faan sin cobrar lo que trabajaron el 18 de mayo. El INDEC dio a conocer que la entidad bancaria encargada del pago se encuentra procesando la informaci\u00f3n para realizar el pago el martes 19 y mi\u00e9rcoles 20 de julio. La inflaci\u00f3n de mayo fue de 5,1% y en junio fue [&hellip;]<\/p>\n","protected":false},"author":4,"featured_media":22438,"comment_status":"closed","ping_status":"closed","sticky":false,"template":"","format":"standard","meta":{"_joinchat":[],"footnotes":""},"categories":[39],"tags":[],"class_list":["post-22437","post","type-post","status-publish","format-standard","has-post-thumbnail","hentry","category-en-esta-seccion"],"_links":{"self":[{"href":"https:\/\/www.elpolitologoyelpolitico.com.ar\/wordpress\/wp-json\/wp\/v2\/posts\/22437","targetHints":{"allow":["GET"]}}],"collection":[{"href":"https:\/\/www.elpolitologoyelpolitico.com.ar\/wordpress\/wp-json\/wp\/v2\/posts"}],"about":[{"href":"https:\/\/www.elpolitologoyelpolitico.com.ar\/wordpress\/wp-json\/wp\/v2\/types\/post"}],"author":[{"embeddable":true,"href":"https:\/\/www.elpolitologoyelpolitico.com.ar\/wordpress\/wp-json\/wp\/v2\/users\/4"}],"replies":[{"embeddable":true,"href":"https:\/\/www.elpolitologoyelpolitico.com.ar\/wordpress\/wp-json\/wp\/v2\/comments?post=22437"}],"version-history":[{"count":0,"href":"https:\/\/www.elpolitologoyelpolitico.com.ar\/wordpress\/wp-json\/wp\/v2\/posts\/22437\/revisions"}],"wp:featuredmedia":[{"embeddable":true,"href":"https:\/\/www.elpolitologoyelpolitico.com.ar\/wordpress\/wp-json\/wp\/v2\/media\/22438"}],"wp:attachment":[{"href":"https:\/\/www.elpolitologoyelpolitico.com.ar\/wordpress\/wp-json\/wp\/v2\/media?parent=22437"}],"wp:term":[{"taxonomy":"category","embeddable":true,"href":"https:\/\/www.elpolitologoyelpolitico.com.ar\/wordpress\/wp-json\/wp\/v2\/categories?post=22437"},{"taxonomy":"post_tag","embeddable":true,"href":"https:\/\/www.elpolitologoyelpolitico.com.ar\/wordpress\/wp-json\/wp\/v2\/tags?post=22437"}],"curies":[{"name":"wp","href":"https:\/\/api.w.org\/{rel}","templated":true}]}}