{"id":22417,"date":"2022-07-18T13:04:03","date_gmt":"2022-07-18T13:04:03","guid":{"rendered":"https:\/\/www.elpolitologoyelpolitico.com.ar\/wordpress\/?p=22417"},"modified":"2022-07-18T13:04:48","modified_gmt":"2022-07-18T13:04:48","slug":"se-viene-un-nuevo-evento-solidario-de-la-asociacion-juntos-por-viedma","status":"publish","type":"post","link":"https:\/\/www.elpolitologoyelpolitico.com.ar\/wordpress\/2022\/07\/18\/se-viene-un-nuevo-evento-solidario-de-la-asociacion-juntos-por-viedma\/","title":{"rendered":"Se viene un nuevo evento solidario de la Asociaci\u00f3n Juntos por Viedma"},"content":{"rendered":"\n<p>El s\u00e1bado 23 de julio se viene una nueva actividad solidaria en la Junta Vecinal del Barrio Sargento Cabral.&nbsp;<\/p>\n\n\n\n<p>El horario ser\u00e1 de 13 a 16hs y las personas van a poder cortarse el pelo gratis, disfrutar de los inflables, grupos musicales y mas\u2026<\/p>\n\n\n\n<p>Con la animaci\u00f3n de Micaela S\u00e1nchez, habr\u00e1 sorteos, leche chocolatada y pizzas caseras para disfrutar con toda la familia.&nbsp;<\/p>\n\n\n\n<p>Adem\u00e1s, podes donar ropa, calzados, juguetes para entregar a las familias que lo necesitan.&nbsp;<\/p>\n\n\n\n<p>Pueden comunicarse al 2920305452 para las donaciones o a trav\u00e9s de las redes sociales de la Asociaci\u00f3n Juntos Por Viedma.\u00a0<\/p>\n\n\n\n<figure class=\"wp-block-gallery has-nested-images columns-default is-cropped wp-block-gallery-1 is-layout-flex wp-block-gallery-is-layout-flex\">\n<figure class=\"wp-block-image size-large\"><img fetchpriority=\"high\" decoding=\"async\" width=\"472\" height=\"1024\" data-id=\"22419\" src=\"https:\/\/www.elpolitologoyelpolitico.com.ar\/wp-content\/uploads\/2022\/07\/IMG-20220716-WA0039-472x1024.jpg\" alt=\"\" class=\"wp-image-22419\" srcset=\"https:\/\/www.elpolitologoyelpolitico.com.ar\/wp-content\/uploads\/2022\/07\/IMG-20220716-WA0039-472x1024.jpg 472w, https:\/\/www.elpolitologoyelpolitico.com.ar\/wp-content\/uploads\/2022\/07\/IMG-20220716-WA0039-138x300.jpg 138w, https:\/\/www.elpolitologoyelpolitico.com.ar\/wp-content\/uploads\/2022\/07\/IMG-20220716-WA0039-708x1536.jpg 708w, https:\/\/www.elpolitologoyelpolitico.com.ar\/wp-content\/uploads\/2022\/07\/IMG-20220716-WA0039.jpg 720w\" sizes=\"(max-width: 472px) 100vw, 472px\" \/><\/figure>\n\n\n\n<figure class=\"wp-block-image size-large\"><img decoding=\"async\" width=\"720\" height=\"960\" data-id=\"22420\" src=\"https:\/\/www.elpolitologoyelpolitico.com.ar\/wp-content\/uploads\/2022\/07\/IMG-20220716-WA0038.jpg\" alt=\"\" class=\"wp-image-22420\" srcset=\"https:\/\/www.elpolitologoyelpolitico.com.ar\/wp-content\/uploads\/2022\/07\/IMG-20220716-WA0038.jpg 720w, https:\/\/www.elpolitologoyelpolitico.com.ar\/wp-content\/uploads\/2022\/07\/IMG-20220716-WA0038-225x300.jpg 225w\" sizes=\"(max-width: 720px) 100vw, 720px\" \/><\/figure>\n\n\n\n<figure class=\"wp-block-image size-large\"><img decoding=\"async\" width=\"460\" height=\"1024\" data-id=\"22421\" src=\"https:\/\/www.elpolitologoyelpolitico.com.ar\/wp-content\/uploads\/2022\/07\/IMG-20220716-WA0041-460x1024.jpg\" alt=\"\" class=\"wp-image-22421\" srcset=\"https:\/\/www.elpolitologoyelpolitico.com.ar\/wp-content\/uploads\/2022\/07\/IMG-20220716-WA0041-460x1024.jpg 460w, https:\/\/www.elpolitologoyelpolitico.com.ar\/wp-content\/uploads\/2022\/07\/IMG-20220716-WA0041-135x300.jpg 135w, https:\/\/www.elpolitologoyelpolitico.com.ar\/wp-content\/uploads\/2022\/07\/IMG-20220716-WA0041-690x1536.jpg 690w, https:\/\/www.elpolitologoyelpolitico.com.ar\/wp-content\/uploads\/2022\/07\/IMG-20220716-WA0041.jpg 720w\" sizes=\"(max-width: 460px) 100vw, 460px\" \/><\/figure>\n<\/figure>\n<div class=\"fb-background-color\">\n\t\t\t  <div \n\t\t\t  \tclass = \"fb-comments\" \n\t\t\t  \tdata-href = \"https:\/\/www.elpolitologoyelpolitico.com.ar\/wordpress\/2022\/07\/18\/se-viene-un-nuevo-evento-solidario-de-la-asociacion-juntos-por-viedma\/\"\n\t\t\t  \tdata-numposts = \"10\"\n\t\t\t  \tdata-lazy = \"true\"\n\t\t\t\tdata-colorscheme = \"light\"\n\t\t\t\tdata-order-by = \"social\"\n\t\t\t\tdata-mobile=true>\n\t\t\t  <\/div><\/div>\n\t\t  <style>\n\t\t    .fb-background-color {\n\t\t\t\tbackground: #ffffff !important;\n\t\t\t}\n\t\t\t.fb_iframe_widget_fluid_desktop iframe {\n\t\t\t    width: 100% !important;\n\t\t\t}\n\t\t  <\/style>\n\t\t  ","protected":false},"excerpt":{"rendered":"<p>El s\u00e1bado 23 de julio se viene una nueva actividad solidaria en la Junta Vecinal del Barrio Sargento Cabral.&nbsp; El horario ser\u00e1 de 13 a 16hs y las personas van a poder cortarse el pelo gratis, disfrutar de los inflables, grupos musicales y mas\u2026 Con la animaci\u00f3n de Micaela S\u00e1nchez, habr\u00e1 sorteos, leche chocolatada y [&hellip;]<\/p>\n","protected":false},"author":4,"featured_media":22418,"comment_status":"closed","ping_status":"closed","sticky":false,"template":"","format":"standard","meta":{"_joinchat":[],"footnotes":""},"categories":[39],"tags":[],"class_list":["post-22417","post","type-post","status-publish","format-standard","has-post-thumbnail","hentry","category-en-esta-seccion"],"_links":{"self":[{"href":"https:\/\/www.elpolitologoyelpolitico.com.ar\/wordpress\/wp-json\/wp\/v2\/posts\/22417","targetHints":{"allow":["GET"]}}],"collection":[{"href":"https:\/\/www.elpolitologoyelpolitico.com.ar\/wordpress\/wp-json\/wp\/v2\/posts"}],"about":[{"href":"https:\/\/www.elpolitologoyelpolitico.com.ar\/wordpress\/wp-json\/wp\/v2\/types\/post"}],"author":[{"embeddable":true,"href":"https:\/\/www.elpolitologoyelpolitico.com.ar\/wordpress\/wp-json\/wp\/v2\/users\/4"}],"replies":[{"embeddable":true,"href":"https:\/\/www.elpolitologoyelpolitico.com.ar\/wordpress\/wp-json\/wp\/v2\/comments?post=22417"}],"version-history":[{"count":0,"href":"https:\/\/www.elpolitologoyelpolitico.com.ar\/wordpress\/wp-json\/wp\/v2\/posts\/22417\/revisions"}],"wp:featuredmedia":[{"embeddable":true,"href":"https:\/\/www.elpolitologoyelpolitico.com.ar\/wordpress\/wp-json\/wp\/v2\/media\/22418"}],"wp:attachment":[{"href":"https:\/\/www.elpolitologoyelpolitico.com.ar\/wordpress\/wp-json\/wp\/v2\/media?parent=22417"}],"wp:term":[{"taxonomy":"category","embeddable":true,"href":"https:\/\/www.elpolitologoyelpolitico.com.ar\/wordpress\/wp-json\/wp\/v2\/categories?post=22417"},{"taxonomy":"post_tag","embeddable":true,"href":"https:\/\/www.elpolitologoyelpolitico.com.ar\/wordpress\/wp-json\/wp\/v2\/tags?post=22417"}],"curies":[{"name":"wp","href":"https:\/\/api.w.org\/{rel}","templated":true}]}}