{"id":22412,"date":"2022-07-18T01:17:25","date_gmt":"2022-07-18T01:17:25","guid":{"rendered":"https:\/\/www.elpolitologoyelpolitico.com.ar\/wordpress\/?p=22412"},"modified":"2022-07-18T01:18:09","modified_gmt":"2022-07-18T01:18:09","slug":"la-agrupacion-la-abanderada-critico-la-situacion-actual-que-viven-los-vecinos-por-el-agua-en-viedma","status":"publish","type":"post","link":"https:\/\/www.elpolitologoyelpolitico.com.ar\/wordpress\/2022\/07\/18\/la-agrupacion-la-abanderada-critico-la-situacion-actual-que-viven-los-vecinos-por-el-agua-en-viedma\/","title":{"rendered":"La Agrupaci\u00f3n La Abanderada Critic\u00f3 la situaci\u00f3n actual que viven los Vecinos por el Agua en Viedma"},"content":{"rendered":"\n<p>En un comunicado, integrantes de la Agrupaci\u00f3n manifestaron lo siguiente;<\/p>\n\n\n\n<p><strong>\u00a1La comunidad necesita soluciones no declaraciones p\u00fablicas !&nbsp;<\/strong><\/p>\n\n\n\n<p>A casi 3 a\u00f1os del inicio de su gesti\u00f3n el Intendente Pedro Pesatti comprendi\u00f3&nbsp; que los funcionarios a cargo de ARSA y de Aguas Rionegrinas S.A. No funcionan.&nbsp;<\/p>\n\n\n\n<p>Mientras tanto durante todo este tiempo las y los vecinos padecen la inoperancia de estos y la falta de gesti\u00f3n del gobierno municipal.<\/p>\n\n\n\n<p>Ser\u00eda importante que el Intendente antes de realizar&nbsp; declaraciones p\u00fablicas pueda&nbsp; elevar los reclamos correspondientes ante las m\u00e1ximas autoridades provinciales para darle una pronta resoluci\u00f3n a esta problem\u00e1tica que ya se hace insoportable para la comunidad Viedmense. Nuestros gobernantes deben comprender que&nbsp; es inhumano vivir sin agua potable y adem\u00e1s como si esto fuera poco&nbsp; tener que&nbsp; convivir con aguas servidas todo el tiempo en nuestra ciudad.&nbsp;<\/p>\n\n\n\n<p><strong>Agrupaci\u00f3n La Abanderada.<\/strong><\/p>\n<div class=\"fb-background-color\">\n\t\t\t  <div \n\t\t\t  \tclass = \"fb-comments\" \n\t\t\t  \tdata-href = \"https:\/\/www.elpolitologoyelpolitico.com.ar\/wordpress\/2022\/07\/18\/la-agrupacion-la-abanderada-critico-la-situacion-actual-que-viven-los-vecinos-por-el-agua-en-viedma\/\"\n\t\t\t  \tdata-numposts = \"10\"\n\t\t\t  \tdata-lazy = \"true\"\n\t\t\t\tdata-colorscheme = \"light\"\n\t\t\t\tdata-order-by = \"social\"\n\t\t\t\tdata-mobile=true>\n\t\t\t  <\/div><\/div>\n\t\t  <style>\n\t\t    .fb-background-color {\n\t\t\t\tbackground: #ffffff !important;\n\t\t\t}\n\t\t\t.fb_iframe_widget_fluid_desktop iframe {\n\t\t\t    width: 100% !important;\n\t\t\t}\n\t\t  <\/style>\n\t\t  ","protected":false},"excerpt":{"rendered":"<p>En un comunicado, integrantes de la Agrupaci\u00f3n manifestaron lo siguiente; \u00a1La comunidad necesita soluciones no declaraciones p\u00fablicas !&nbsp; A casi 3 a\u00f1os del inicio de su gesti\u00f3n el Intendente Pedro Pesatti comprendi\u00f3&nbsp; que los funcionarios a cargo de ARSA y de Aguas Rionegrinas S.A. No funcionan.&nbsp; Mientras tanto durante todo este tiempo las y los [&hellip;]<\/p>\n","protected":false},"author":4,"featured_media":22414,"comment_status":"closed","ping_status":"closed","sticky":false,"template":"","format":"standard","meta":{"_joinchat":[],"footnotes":""},"categories":[39],"tags":[],"class_list":["post-22412","post","type-post","status-publish","format-standard","has-post-thumbnail","hentry","category-en-esta-seccion"],"_links":{"self":[{"href":"https:\/\/www.elpolitologoyelpolitico.com.ar\/wordpress\/wp-json\/wp\/v2\/posts\/22412","targetHints":{"allow":["GET"]}}],"collection":[{"href":"https:\/\/www.elpolitologoyelpolitico.com.ar\/wordpress\/wp-json\/wp\/v2\/posts"}],"about":[{"href":"https:\/\/www.elpolitologoyelpolitico.com.ar\/wordpress\/wp-json\/wp\/v2\/types\/post"}],"author":[{"embeddable":true,"href":"https:\/\/www.elpolitologoyelpolitico.com.ar\/wordpress\/wp-json\/wp\/v2\/users\/4"}],"replies":[{"embeddable":true,"href":"https:\/\/www.elpolitologoyelpolitico.com.ar\/wordpress\/wp-json\/wp\/v2\/comments?post=22412"}],"version-history":[{"count":0,"href":"https:\/\/www.elpolitologoyelpolitico.com.ar\/wordpress\/wp-json\/wp\/v2\/posts\/22412\/revisions"}],"wp:featuredmedia":[{"embeddable":true,"href":"https:\/\/www.elpolitologoyelpolitico.com.ar\/wordpress\/wp-json\/wp\/v2\/media\/22414"}],"wp:attachment":[{"href":"https:\/\/www.elpolitologoyelpolitico.com.ar\/wordpress\/wp-json\/wp\/v2\/media?parent=22412"}],"wp:term":[{"taxonomy":"category","embeddable":true,"href":"https:\/\/www.elpolitologoyelpolitico.com.ar\/wordpress\/wp-json\/wp\/v2\/categories?post=22412"},{"taxonomy":"post_tag","embeddable":true,"href":"https:\/\/www.elpolitologoyelpolitico.com.ar\/wordpress\/wp-json\/wp\/v2\/tags?post=22412"}],"curies":[{"name":"wp","href":"https:\/\/api.w.org\/{rel}","templated":true}]}}