{"id":22401,"date":"2022-07-17T17:31:03","date_gmt":"2022-07-17T17:31:03","guid":{"rendered":"https:\/\/www.elpolitologoyelpolitico.com.ar\/wordpress\/?p=22401"},"modified":"2022-07-17T17:31:40","modified_gmt":"2022-07-17T17:31:40","slug":"tras-la-critica-de-pesatti-siguen-los-problemas-de-agua-en-viedma-y-no-hay-respuestas","status":"publish","type":"post","link":"https:\/\/www.elpolitologoyelpolitico.com.ar\/wordpress\/2022\/07\/17\/tras-la-critica-de-pesatti-siguen-los-problemas-de-agua-en-viedma-y-no-hay-respuestas\/","title":{"rendered":"Tras la cr\u00edtica de Pesatti, siguen los problemas de agua en Viedma y no hay respuestas"},"content":{"rendered":"\n<p>La situaci\u00f3n en Viedma se agrava cada vez mas y son muchos los vecinos que est\u00e1n padeciendo este problema del agua.&nbsp;<\/p>\n\n\n\n<p>El Intendente de la Capital Pedro Pesatti manifest\u00f3 su preocupaci\u00f3n por esta problem\u00e1tica y expres\u00f3 que si dependiera de \u00e9l, los jefes de ARSA y DPA no estar\u00edan mas a cargo.&nbsp;<\/p>\n\n\n\n<p>Lo que sucede es que los dos organismos est\u00e1n a cargo de Provincia y es por esta raz\u00f3n que la Municipalidad de Viedma critica que no haya una soluci\u00f3n lo antes posible.\u00a0<\/p>\n\n\n\n<figure class=\"wp-block-image size-full\"><img fetchpriority=\"high\" decoding=\"async\" width=\"720\" height=\"480\" src=\"https:\/\/www.elpolitologoyelpolitico.com.ar\/wp-content\/uploads\/2022\/07\/IMG-20220717-WA0013.jpg\" alt=\"\" class=\"wp-image-22403\" srcset=\"https:\/\/www.elpolitologoyelpolitico.com.ar\/wp-content\/uploads\/2022\/07\/IMG-20220717-WA0013.jpg 720w, https:\/\/www.elpolitologoyelpolitico.com.ar\/wp-content\/uploads\/2022\/07\/IMG-20220717-WA0013-300x200.jpg 300w\" sizes=\"(max-width: 720px) 100vw, 720px\" \/><\/figure>\n\n\n\n<p>Desde la visi\u00f3n del intendente, el compromiso del Estado Municipal est\u00e1 sujeto a la demanda social.&nbsp;<\/p>\n\n\n\n<p>Pero ARSA y DPA no cumplen con un trabajo eficiente y la responsabilidad que deben tener a la hora de responderle a los vecinos viedmenses.&nbsp;<\/p>\n\n\n\n<p>Son varios los barrios que se ven perjudicados por el problema del agua, como el Barrio Guido, Amel, Santa Clara, entre otros.<\/p>\n\n\n\n<p>Las organizaciones y juntas vecinales est\u00e1n analizando este problema del agua necesitando una respuesta inmediata de las autoridades provinciales y locales.\u00a0<\/p>\n\n\n\n<figure class=\"wp-block-image size-large\"><img decoding=\"async\" width=\"591\" height=\"1024\" src=\"https:\/\/www.elpolitologoyelpolitico.com.ar\/wp-content\/uploads\/2022\/07\/IMG-20220717-WA0014-591x1024.jpg\" alt=\"\" class=\"wp-image-22404\" srcset=\"https:\/\/www.elpolitologoyelpolitico.com.ar\/wp-content\/uploads\/2022\/07\/IMG-20220717-WA0014-591x1024.jpg 591w, https:\/\/www.elpolitologoyelpolitico.com.ar\/wp-content\/uploads\/2022\/07\/IMG-20220717-WA0014-173x300.jpg 173w, https:\/\/www.elpolitologoyelpolitico.com.ar\/wp-content\/uploads\/2022\/07\/IMG-20220717-WA0014.jpg 720w\" sizes=\"(max-width: 591px) 100vw, 591px\" \/><\/figure>\n<div class=\"fb-background-color\">\n\t\t\t  <div \n\t\t\t  \tclass = \"fb-comments\" \n\t\t\t  \tdata-href = \"https:\/\/www.elpolitologoyelpolitico.com.ar\/wordpress\/2022\/07\/17\/tras-la-critica-de-pesatti-siguen-los-problemas-de-agua-en-viedma-y-no-hay-respuestas\/\"\n\t\t\t  \tdata-numposts = \"10\"\n\t\t\t  \tdata-lazy = \"true\"\n\t\t\t\tdata-colorscheme = \"light\"\n\t\t\t\tdata-order-by = \"social\"\n\t\t\t\tdata-mobile=true>\n\t\t\t  <\/div><\/div>\n\t\t  <style>\n\t\t    .fb-background-color {\n\t\t\t\tbackground: #ffffff !important;\n\t\t\t}\n\t\t\t.fb_iframe_widget_fluid_desktop iframe {\n\t\t\t    width: 100% !important;\n\t\t\t}\n\t\t  <\/style>\n\t\t  ","protected":false},"excerpt":{"rendered":"<p>La situaci\u00f3n en Viedma se agrava cada vez mas y son muchos los vecinos que est\u00e1n padeciendo este problema del agua.&nbsp; El Intendente de la Capital Pedro Pesatti manifest\u00f3 su preocupaci\u00f3n por esta problem\u00e1tica y expres\u00f3 que si dependiera de \u00e9l, los jefes de ARSA y DPA no estar\u00edan mas a cargo.&nbsp; Lo que sucede [&hellip;]<\/p>\n","protected":false},"author":4,"featured_media":22402,"comment_status":"closed","ping_status":"closed","sticky":false,"template":"","format":"standard","meta":{"_joinchat":[],"footnotes":""},"categories":[39],"tags":[],"class_list":["post-22401","post","type-post","status-publish","format-standard","has-post-thumbnail","hentry","category-en-esta-seccion"],"_links":{"self":[{"href":"https:\/\/www.elpolitologoyelpolitico.com.ar\/wordpress\/wp-json\/wp\/v2\/posts\/22401","targetHints":{"allow":["GET"]}}],"collection":[{"href":"https:\/\/www.elpolitologoyelpolitico.com.ar\/wordpress\/wp-json\/wp\/v2\/posts"}],"about":[{"href":"https:\/\/www.elpolitologoyelpolitico.com.ar\/wordpress\/wp-json\/wp\/v2\/types\/post"}],"author":[{"embeddable":true,"href":"https:\/\/www.elpolitologoyelpolitico.com.ar\/wordpress\/wp-json\/wp\/v2\/users\/4"}],"replies":[{"embeddable":true,"href":"https:\/\/www.elpolitologoyelpolitico.com.ar\/wordpress\/wp-json\/wp\/v2\/comments?post=22401"}],"version-history":[{"count":0,"href":"https:\/\/www.elpolitologoyelpolitico.com.ar\/wordpress\/wp-json\/wp\/v2\/posts\/22401\/revisions"}],"wp:featuredmedia":[{"embeddable":true,"href":"https:\/\/www.elpolitologoyelpolitico.com.ar\/wordpress\/wp-json\/wp\/v2\/media\/22402"}],"wp:attachment":[{"href":"https:\/\/www.elpolitologoyelpolitico.com.ar\/wordpress\/wp-json\/wp\/v2\/media?parent=22401"}],"wp:term":[{"taxonomy":"category","embeddable":true,"href":"https:\/\/www.elpolitologoyelpolitico.com.ar\/wordpress\/wp-json\/wp\/v2\/categories?post=22401"},{"taxonomy":"post_tag","embeddable":true,"href":"https:\/\/www.elpolitologoyelpolitico.com.ar\/wordpress\/wp-json\/wp\/v2\/tags?post=22401"}],"curies":[{"name":"wp","href":"https:\/\/api.w.org\/{rel}","templated":true}]}}