{"id":22395,"date":"2022-07-17T15:56:44","date_gmt":"2022-07-17T15:56:44","guid":{"rendered":"https:\/\/www.elpolitologoyelpolitico.com.ar\/wordpress\/?p=22395"},"modified":"2022-07-17T15:57:27","modified_gmt":"2022-07-17T15:57:27","slug":"el-gobierno-presento-una-nueva-oferta-salarial-a-los-gremios-estatales","status":"publish","type":"post","link":"https:\/\/www.elpolitologoyelpolitico.com.ar\/wordpress\/2022\/07\/17\/el-gobierno-presento-una-nueva-oferta-salarial-a-los-gremios-estatales\/","title":{"rendered":"El Gobierno present\u00f3 una nueva oferta salarial a los gremios estatales"},"content":{"rendered":"\n<p>En el reinicio de las negociaciones paritarias, el Gobierno Provincial present\u00f3 una nueva oferta salarial a los gremios estatales, luego de un profundo an\u00e1lisis de la situaci\u00f3n econ\u00f3mica de la provincia y el pa\u00eds.<\/p>\n\n\n\n<p>El mismo ofrecimiento fue planteado por el Gobierno Provincial en la reuni\u00f3n de la Mesa de la Funci\u00f3n P\u00fablica con los gremios ATE y UPCN y en la paritaria docente con el sindicato UNTER.<\/p>\n\n\n\n<p>La propuesta consisti\u00f3 en llegar a un 50% de aumento al mes de septiembre para las categor\u00edas m\u00e1s bajas, con el pago de sumas fijas de $5.000 y $6.000 en agosto y septiembre.<\/p>\n\n\n\n<p>Luego de escuchar las inquietudes del sector sindical, vinculadas a la necesidad de los trabajadores y a los \u00faltimos indicadores inflacionarios, se dispuso pasar a un cuarto intermedio hasta el martes 19 a las 10hs, donde el Gobierno presentar\u00e1 una nueva propuesta superadora.<\/p>\n\n\n\n<p>Participaron del encuentro de la Mesa de la Funci\u00f3n P\u00fablica, el ministro de Gobierno y Comunidad, Rodrigo Buteler; el secretario de Hacienda, Nicol\u00e1s Martin; la secretaria de la Funci\u00f3n P\u00fablica, Liliana Arriaga; el secretario general de ATE R\u00edo Negro, Rodrigo Vicente y el secretario gremial de UPCN R\u00edo Negro, Luis Rosas.<\/p>\n\n\n\n<p>\u201cEn el contexto econ\u00f3mico actual es importante mantener el di\u00e1logo de forma constante. Por eso planteamos revisiones trimestrales, que acompa\u00f1en a los trabajadores evitando la p\u00e9rdida de su poder adquisitivo, pero siempre garantizando el pago en tiempo y forma de los salarios\u201d, explic\u00f3 el Ministro Buteler.<\/p>\n\n\n\n<p><strong>La paritaria docente pas\u00f3 a cuarto intermedio hasta el martes<\/strong><\/p>\n\n\n\n<p>En tanto, las negociaciones paritarias entre el Ministerio de Educaci\u00f3n y Derechos Humanos y el gremio UNTER tambi\u00e9n pasaron a un cuarto intermedio hasta el pr\u00f3ximo martes.<\/p>\n\n\n\n<p>En este \u00e1mbito, tambi\u00e9n se present\u00f3 una propuesta para llegar a un 50% de incremento salarial para el cargo testigo en el tercer trimestre del a\u00f1o.<\/p>\n\n\n\n<p>Adem\u00e1s de exponer el ofrecimiento salarial, el titular de la cartera educativa, Pablo Nu\u00f1ez, ponder\u00f3 el \u00e1mbito de la paritaria nacional docente como piso de negociaci\u00f3n, a la vez que destac\u00f3 el esfuerzo presupuestario del Gobierno Provincial desde octubre de 2021 a la fecha, que ha permitido mejorar la calidad del salario con un aumento del 100% entre componentes remunerativos y no remunerativos.<\/p>\n\n\n\n<p>Asimismo, Educaci\u00f3n propuso la concreci\u00f3n de encuentros de pol\u00edtica educativa con el sector gremial, como complemento de las mesas bilaterales de trabajo que se vienen desarrollando.<\/p>\n\n\n\n<p>El encuentro paritario estuvo encabezado por el ministro de Trabajo, Jorge Stopiello. Acompa\u00f1aron al Ministro Nu\u00f1ez, los secretarios de Educaci\u00f3n, Duilio Minieri, y de Administraci\u00f3n Financiera, Miguel Cruz; el vocal Gubernamental del Consejo Provincial de Educaci\u00f3n, Alejandro Bustos, y el secretario General de ese cuerpo, Leonardo L\u00f3pez.<\/p>\n\n\n\n<figure class=\"wp-block-image size-large\"><img fetchpriority=\"high\" decoding=\"async\" width=\"1024\" height=\"682\" src=\"https:\/\/www.elpolitologoyelpolitico.com.ar\/wp-content\/uploads\/2022\/07\/IMG-20220716-WA0033-1024x682.jpg\" alt=\"\" class=\"wp-image-22398\" srcset=\"https:\/\/www.elpolitologoyelpolitico.com.ar\/wp-content\/uploads\/2022\/07\/IMG-20220716-WA0033-1024x682.jpg 1024w, https:\/\/www.elpolitologoyelpolitico.com.ar\/wp-content\/uploads\/2022\/07\/IMG-20220716-WA0033-300x200.jpg 300w, https:\/\/www.elpolitologoyelpolitico.com.ar\/wp-content\/uploads\/2022\/07\/IMG-20220716-WA0033-768x512.jpg 768w, https:\/\/www.elpolitologoyelpolitico.com.ar\/wp-content\/uploads\/2022\/07\/IMG-20220716-WA0033.jpg 1280w\" sizes=\"(max-width: 1024px) 100vw, 1024px\" \/><\/figure>\n<div class=\"fb-background-color\">\n\t\t\t  <div \n\t\t\t  \tclass = \"fb-comments\" \n\t\t\t  \tdata-href = \"https:\/\/www.elpolitologoyelpolitico.com.ar\/wordpress\/2022\/07\/17\/el-gobierno-presento-una-nueva-oferta-salarial-a-los-gremios-estatales\/\"\n\t\t\t  \tdata-numposts = \"10\"\n\t\t\t  \tdata-lazy = \"true\"\n\t\t\t\tdata-colorscheme = \"light\"\n\t\t\t\tdata-order-by = \"social\"\n\t\t\t\tdata-mobile=true>\n\t\t\t  <\/div><\/div>\n\t\t  <style>\n\t\t    .fb-background-color {\n\t\t\t\tbackground: #ffffff !important;\n\t\t\t}\n\t\t\t.fb_iframe_widget_fluid_desktop iframe {\n\t\t\t    width: 100% !important;\n\t\t\t}\n\t\t  <\/style>\n\t\t  ","protected":false},"excerpt":{"rendered":"<p>En el reinicio de las negociaciones paritarias, el Gobierno Provincial present\u00f3 una nueva oferta salarial a los gremios estatales, luego de un profundo an\u00e1lisis de la situaci\u00f3n econ\u00f3mica de la provincia y el pa\u00eds. El mismo ofrecimiento fue planteado por el Gobierno Provincial en la reuni\u00f3n de la Mesa de la Funci\u00f3n P\u00fablica con los [&hellip;]<\/p>\n","protected":false},"author":4,"featured_media":22396,"comment_status":"closed","ping_status":"closed","sticky":false,"template":"","format":"standard","meta":{"_joinchat":[],"footnotes":""},"categories":[39],"tags":[],"class_list":["post-22395","post","type-post","status-publish","format-standard","has-post-thumbnail","hentry","category-en-esta-seccion"],"_links":{"self":[{"href":"https:\/\/www.elpolitologoyelpolitico.com.ar\/wordpress\/wp-json\/wp\/v2\/posts\/22395","targetHints":{"allow":["GET"]}}],"collection":[{"href":"https:\/\/www.elpolitologoyelpolitico.com.ar\/wordpress\/wp-json\/wp\/v2\/posts"}],"about":[{"href":"https:\/\/www.elpolitologoyelpolitico.com.ar\/wordpress\/wp-json\/wp\/v2\/types\/post"}],"author":[{"embeddable":true,"href":"https:\/\/www.elpolitologoyelpolitico.com.ar\/wordpress\/wp-json\/wp\/v2\/users\/4"}],"replies":[{"embeddable":true,"href":"https:\/\/www.elpolitologoyelpolitico.com.ar\/wordpress\/wp-json\/wp\/v2\/comments?post=22395"}],"version-history":[{"count":0,"href":"https:\/\/www.elpolitologoyelpolitico.com.ar\/wordpress\/wp-json\/wp\/v2\/posts\/22395\/revisions"}],"wp:featuredmedia":[{"embeddable":true,"href":"https:\/\/www.elpolitologoyelpolitico.com.ar\/wordpress\/wp-json\/wp\/v2\/media\/22396"}],"wp:attachment":[{"href":"https:\/\/www.elpolitologoyelpolitico.com.ar\/wordpress\/wp-json\/wp\/v2\/media?parent=22395"}],"wp:term":[{"taxonomy":"category","embeddable":true,"href":"https:\/\/www.elpolitologoyelpolitico.com.ar\/wordpress\/wp-json\/wp\/v2\/categories?post=22395"},{"taxonomy":"post_tag","embeddable":true,"href":"https:\/\/www.elpolitologoyelpolitico.com.ar\/wordpress\/wp-json\/wp\/v2\/tags?post=22395"}],"curies":[{"name":"wp","href":"https:\/\/api.w.org\/{rel}","templated":true}]}}