{"id":22389,"date":"2022-07-17T14:47:42","date_gmt":"2022-07-17T14:47:42","guid":{"rendered":"https:\/\/www.elpolitologoyelpolitico.com.ar\/wordpress\/?p=22389"},"modified":"2022-07-17T14:48:44","modified_gmt":"2022-07-17T14:48:44","slug":"se-viene-la-3a-fiesta-de-jineteada-y-el-intendente-zara-recibio-a-los-organizadores","status":"publish","type":"post","link":"https:\/\/www.elpolitologoyelpolitico.com.ar\/wordpress\/2022\/07\/17\/se-viene-la-3a-fiesta-de-jineteada-y-el-intendente-zara-recibio-a-los-organizadores\/","title":{"rendered":"Se viene la 3\u00aa Fiesta de jineteada y el Intendente Zara recibi\u00f3 a los organizadores"},"content":{"rendered":"\n<p>Este jueves por la tarde, el Intendente, Jos\u00e9 Luis Zara, recibi\u00f3 en su despacho a los integrantes de la Agrupaci\u00f3n \u00abUnidos por la Tradici\u00f3n\u00bb.&nbsp;<\/p>\n\n\n\n<p>En la oportunidad, dialogaron sobre los preparativos de la \u00abFiesta del mill\u00f3n de pesos\u00bb, que tendr\u00e1 lugar en el predio \u00abDon Oscar\u00bb, de Carmen de Patagones, los d\u00edas 5 y 6 de noviembre.&nbsp;<\/p>\n\n\n\n<p>Se trata de la tercera edici\u00f3n del evento y ya cuenta con una amplia programaci\u00f3n para toda la familia, que incluye; pruebas de rienda libre, categor\u00eda grupa, crina limpia, y basto con encimera: sorteos, espect\u00e1culos y almuerzos criollos.&nbsp;<\/p>\n\n\n\n<p>El cierre del evento contar\u00e1 con la actuaci\u00f3n de\u00a0 Carlos Ram\u00f3n Fern\u00e1ndez y de Sele Vera y Los Pampas.<\/p>\n\n\n\n<figure class=\"wp-block-gallery has-nested-images columns-default is-cropped wp-block-gallery-1 is-layout-flex wp-block-gallery-is-layout-flex\">\n<figure class=\"wp-block-image size-large\"><img fetchpriority=\"high\" decoding=\"async\" width=\"649\" height=\"960\" data-id=\"22391\" src=\"https:\/\/www.elpolitologoyelpolitico.com.ar\/wp-content\/uploads\/2022\/07\/IMG-20220716-WA0030.jpg\" alt=\"\" class=\"wp-image-22391\" srcset=\"https:\/\/www.elpolitologoyelpolitico.com.ar\/wp-content\/uploads\/2022\/07\/IMG-20220716-WA0030.jpg 649w, https:\/\/www.elpolitologoyelpolitico.com.ar\/wp-content\/uploads\/2022\/07\/IMG-20220716-WA0030-203x300.jpg 203w\" sizes=\"(max-width: 649px) 100vw, 649px\" \/><\/figure>\n\n\n\n<figure class=\"wp-block-image size-large\"><img decoding=\"async\" width=\"720\" height=\"540\" data-id=\"22392\" src=\"https:\/\/www.elpolitologoyelpolitico.com.ar\/wp-content\/uploads\/2022\/07\/IMG-20220716-WA0029.jpg\" alt=\"\" class=\"wp-image-22392\" srcset=\"https:\/\/www.elpolitologoyelpolitico.com.ar\/wp-content\/uploads\/2022\/07\/IMG-20220716-WA0029.jpg 720w, https:\/\/www.elpolitologoyelpolitico.com.ar\/wp-content\/uploads\/2022\/07\/IMG-20220716-WA0029-300x225.jpg 300w\" sizes=\"(max-width: 720px) 100vw, 720px\" \/><\/figure>\n<\/figure>\n<div class=\"fb-background-color\">\n\t\t\t  <div \n\t\t\t  \tclass = \"fb-comments\" \n\t\t\t  \tdata-href = \"https:\/\/www.elpolitologoyelpolitico.com.ar\/wordpress\/2022\/07\/17\/se-viene-la-3a-fiesta-de-jineteada-y-el-intendente-zara-recibio-a-los-organizadores\/\"\n\t\t\t  \tdata-numposts = \"10\"\n\t\t\t  \tdata-lazy = \"true\"\n\t\t\t\tdata-colorscheme = \"light\"\n\t\t\t\tdata-order-by = \"social\"\n\t\t\t\tdata-mobile=true>\n\t\t\t  <\/div><\/div>\n\t\t  <style>\n\t\t    .fb-background-color {\n\t\t\t\tbackground: #ffffff !important;\n\t\t\t}\n\t\t\t.fb_iframe_widget_fluid_desktop iframe {\n\t\t\t    width: 100% !important;\n\t\t\t}\n\t\t  <\/style>\n\t\t  ","protected":false},"excerpt":{"rendered":"<p>Este jueves por la tarde, el Intendente, Jos\u00e9 Luis Zara, recibi\u00f3 en su despacho a los integrantes de la Agrupaci\u00f3n \u00abUnidos por la Tradici\u00f3n\u00bb.&nbsp; En la oportunidad, dialogaron sobre los preparativos de la \u00abFiesta del mill\u00f3n de pesos\u00bb, que tendr\u00e1 lugar en el predio \u00abDon Oscar\u00bb, de Carmen de Patagones, los d\u00edas 5 y 6 [&hellip;]<\/p>\n","protected":false},"author":4,"featured_media":22390,"comment_status":"closed","ping_status":"closed","sticky":false,"template":"","format":"standard","meta":{"_joinchat":[],"footnotes":""},"categories":[39],"tags":[],"class_list":["post-22389","post","type-post","status-publish","format-standard","has-post-thumbnail","hentry","category-en-esta-seccion"],"_links":{"self":[{"href":"https:\/\/www.elpolitologoyelpolitico.com.ar\/wordpress\/wp-json\/wp\/v2\/posts\/22389","targetHints":{"allow":["GET"]}}],"collection":[{"href":"https:\/\/www.elpolitologoyelpolitico.com.ar\/wordpress\/wp-json\/wp\/v2\/posts"}],"about":[{"href":"https:\/\/www.elpolitologoyelpolitico.com.ar\/wordpress\/wp-json\/wp\/v2\/types\/post"}],"author":[{"embeddable":true,"href":"https:\/\/www.elpolitologoyelpolitico.com.ar\/wordpress\/wp-json\/wp\/v2\/users\/4"}],"replies":[{"embeddable":true,"href":"https:\/\/www.elpolitologoyelpolitico.com.ar\/wordpress\/wp-json\/wp\/v2\/comments?post=22389"}],"version-history":[{"count":0,"href":"https:\/\/www.elpolitologoyelpolitico.com.ar\/wordpress\/wp-json\/wp\/v2\/posts\/22389\/revisions"}],"wp:featuredmedia":[{"embeddable":true,"href":"https:\/\/www.elpolitologoyelpolitico.com.ar\/wordpress\/wp-json\/wp\/v2\/media\/22390"}],"wp:attachment":[{"href":"https:\/\/www.elpolitologoyelpolitico.com.ar\/wordpress\/wp-json\/wp\/v2\/media?parent=22389"}],"wp:term":[{"taxonomy":"category","embeddable":true,"href":"https:\/\/www.elpolitologoyelpolitico.com.ar\/wordpress\/wp-json\/wp\/v2\/categories?post=22389"},{"taxonomy":"post_tag","embeddable":true,"href":"https:\/\/www.elpolitologoyelpolitico.com.ar\/wordpress\/wp-json\/wp\/v2\/tags?post=22389"}],"curies":[{"name":"wp","href":"https:\/\/api.w.org\/{rel}","templated":true}]}}