{"id":22382,"date":"2022-07-17T02:11:31","date_gmt":"2022-07-17T02:11:31","guid":{"rendered":"https:\/\/www.elpolitologoyelpolitico.com.ar\/wordpress\/?p=22382"},"modified":"2022-07-17T02:12:13","modified_gmt":"2022-07-17T02:12:13","slug":"viedma-la-ciudad-con-mas-inversion-en-obras-de-agua-y-saneamiento","status":"publish","type":"post","link":"https:\/\/www.elpolitologoyelpolitico.com.ar\/wordpress\/2022\/07\/17\/viedma-la-ciudad-con-mas-inversion-en-obras-de-agua-y-saneamiento\/","title":{"rendered":"Viedma, la ciudad con m\u00e1s inversi\u00f3n en obras de agua y saneamiento"},"content":{"rendered":"\n<p>El Departamento Provincial de Aguas realiza dos grandes obras, fundamentales para el crecimiento y desarrollo de Viedma. En total, la inversi\u00f3n destinada a mejorar los servicios de cloacas y agua en la capital provincial es de $2.562.706.897.<\/p>\n\n\n\n<p>Actualmente, las obras del Plan Director de Desag\u00fces Cloacales, mediante financiamiento del Plan Castello, tienen un avance del 90%; mientras que ya comenzaron a ejecutarse los trabajaos del nuevo Plan Director de Agua Potable, financiado por el ENOHSA.<\/p>\n\n\n\n<figure class=\"wp-block-image size-large\"><img fetchpriority=\"high\" decoding=\"async\" width=\"1024\" height=\"683\" src=\"https:\/\/www.elpolitologoyelpolitico.com.ar\/wp-content\/uploads\/2022\/07\/IMG-20220716-WA0027-1024x683.jpg\" alt=\"\" class=\"wp-image-22384\" srcset=\"https:\/\/www.elpolitologoyelpolitico.com.ar\/wp-content\/uploads\/2022\/07\/IMG-20220716-WA0027-1024x683.jpg 1024w, https:\/\/www.elpolitologoyelpolitico.com.ar\/wp-content\/uploads\/2022\/07\/IMG-20220716-WA0027-300x200.jpg 300w, https:\/\/www.elpolitologoyelpolitico.com.ar\/wp-content\/uploads\/2022\/07\/IMG-20220716-WA0027-768x512.jpg 768w, https:\/\/www.elpolitologoyelpolitico.com.ar\/wp-content\/uploads\/2022\/07\/IMG-20220716-WA0027.jpg 1200w\" sizes=\"(max-width: 1024px) 100vw, 1024px\" \/><\/figure>\n\n\n\n<p><strong>Plan Director de Desag\u00fces Cloacales<\/strong><\/p>\n\n\n\n<p>El Plan Director de Desag\u00fces Cloacales tiene como objetivo mejorar y adecuar el servicio a las necesidades actuales y futuras. El monto de inversi\u00f3n actualizado es de $1.185.527.243,48, financiado por Plan Castello.<\/p>\n\n\n\n<p>Los trabajos renovar\u00e1n el sistema cloacal, que en algunos casos data de la d\u00e9cada del 50. Consisten en una nueva planta de tratamiento de l\u00edquidos cloacales con vuelco cero, con el re\u00faso de sus l\u00edquidos tratados; la readecuaci\u00f3n y el reordenamiento del sistema de conducci\u00f3n y la ejecuci\u00f3n de colectores a gravedad, impulsiones y estaciones elevadoras.<\/p>\n\n\n\n<p>Adem\u00e1s, se realizan mejoras, recambios de equipos electromec\u00e1nicos y puesta en valor de las estaciones elevadoras existentes.<\/p>\n\n\n\n<p>La nueva planta de tratamiento de l\u00edquidos cloacales est\u00e1 emplazada sobre 900 hect\u00e1reas, abarca el movimiento de suelo para construcci\u00f3n de 12 lagunas y la impermeabilizaci\u00f3n de taludes y fondos de las mismas.<\/p>\n\n\n\n<p>Tambi\u00e9n se est\u00e1 trabajando en el recambio de ca\u00f1er\u00eda existe en las calles Guido entre Avenida Villarino y Gallardo, Namuncur\u00e1 entre Guido y \u00c1lvaro Barros y Boluevard Cont\u00edn entre Belgrano y Las Heras.<\/p>\n\n\n\n<p>El colector troncal de la Avenida Per\u00f3n adecuar\u00e1 las cuencas, capturando y derivando los aportes a la estaci\u00f3n elevadora 0. Atraviesa la ciudad en sentido Oeste-Este, paralelo a la arteria, variando su di\u00e1metro a lo largo en funci\u00f3n de los caudales que se van incorporando.<\/p>\n\n\n\n<p>Tambi\u00e9n la obra incluye la construcci\u00f3n de estaciones elevadoras. La estaci\u00f3n 10 posibilita dotar de servicio al \u00e1rea de expansi\u00f3n urbana ubicada al oeste de la ciudad; mientras que la estaci\u00f3n 0, de mayor porte y ya ejecutada en 100%, recibir\u00e1 la totalidad de los efluentes y los elevar\u00e1 a la nueva planta depuradora.&nbsp;<\/p>\n\n\n\n<p>Adem\u00e1s, se ejecutan obras de adecuaci\u00f3n, mejora y reparaci\u00f3n en las estaciones elevadoras existentes identificadas como 1 (calle Rivadavia), 2 (calle Guido) y 3 (calle Belgrano).<\/p>\n\n\n\n<figure class=\"wp-block-image size-large\"><img decoding=\"async\" width=\"1024\" height=\"682\" src=\"https:\/\/www.elpolitologoyelpolitico.com.ar\/wp-content\/uploads\/2022\/07\/IMG-20220716-WA0026-1024x682.jpg\" alt=\"\" class=\"wp-image-22385\" srcset=\"https:\/\/www.elpolitologoyelpolitico.com.ar\/wp-content\/uploads\/2022\/07\/IMG-20220716-WA0026-1024x682.jpg 1024w, https:\/\/www.elpolitologoyelpolitico.com.ar\/wp-content\/uploads\/2022\/07\/IMG-20220716-WA0026-300x200.jpg 300w, https:\/\/www.elpolitologoyelpolitico.com.ar\/wp-content\/uploads\/2022\/07\/IMG-20220716-WA0026-768x512.jpg 768w, https:\/\/www.elpolitologoyelpolitico.com.ar\/wp-content\/uploads\/2022\/07\/IMG-20220716-WA0026.jpg 1280w\" sizes=\"(max-width: 1024px) 100vw, 1024px\" \/><\/figure>\n\n\n\n<p><strong>Plan Director de Agua Potable<\/strong><\/p>\n\n\n\n<p>Por otro lado, se avanza en la obra del Plan Director de Agua Potable, que tiene como objeto construir una nueva planta potabilizadora y refuerzos de red de distribuci\u00f3n. El horizonte de dise\u00f1o tiene una proyecci\u00f3n al a\u00f1o 2050, con una poblaci\u00f3n de 112.600 habitantes.<\/p>\n\n\n\n<p>En este caso, los trabajos tienen una inversi\u00f3n de $1.377.179.653,65, financiados por el ENOHSA.<\/p>\n\n\n\n<p>Con el objeto de llevar a cabo la sectorizaci\u00f3n de la red de agua, se proyect\u00f3 la instalaci\u00f3n de una serie de v\u00e1lvulas esclusas en diversos sectores de la ciudad. Esto evitar\u00e1 el corte total de suministro ante eventual rotura o reparaci\u00f3n de ca\u00f1er\u00eda.<\/p>\n\n\n\n<p>La primera planta fue realizada en la d\u00e9cada del \u201930, con las primeras redes de distribuci\u00f3n. Posteriormente se ejecutaron ampliaciones y renovaciones, siendo una de las \u00faltimas m\u00e1s importante en la d\u00e9cada del \u201980.<\/p>\n\n\n\n<p>Actualmente el sistema de distribuci\u00f3n de agua potable cuenta con dos puntos de alimentaci\u00f3n que abastecen las demandas, el m\u00e1s importante es la Planta Potabilizadora 1 y el secundario se encuentra en la Planta Potabilizadora 2.<\/p>\n\n\n\n<p>La nueva planta potabilizadora tratar\u00e1 la totalidad del agua destinada a la poblaci\u00f3n, dejando sin efecto el funcionamiento de las dos actuales. Se complementa con un refuerzo redes de distribuci\u00f3n con la colocaci\u00f3n de 13.600 metros de ca\u00f1er\u00eda.<\/p>\n\n\n\n<p>Actualmente, se realiza la colocaci\u00f3n de ca\u00f1er\u00eda para la red de distribuci\u00f3n en zonas perif\u00e9ricas, trabajos de hormigonado, movimiento de suelo en el predio de planta de tratamiento, mamposter\u00eda e instalaciones para oficinas y salas de dep\u00f3sitos.<\/p>\n\n\n\n<p>Se proyecta construir una sala qu\u00edmica, oficinas para comandos del sistema y salas de tableros, dotados de sectores sanitarios y sala de reuniones; una nueva toma de agua cruda de 3.045 m3\/h, un nuevo acueducto, una nueva cisterna y estaci\u00f3n de bombeo.<\/p>\n\n\n\n<figure class=\"wp-block-image size-large\"><img decoding=\"async\" width=\"1024\" height=\"682\" src=\"https:\/\/www.elpolitologoyelpolitico.com.ar\/wp-content\/uploads\/2022\/07\/IMG-20220716-WA0025-1024x682.jpg\" alt=\"\" class=\"wp-image-22386\" srcset=\"https:\/\/www.elpolitologoyelpolitico.com.ar\/wp-content\/uploads\/2022\/07\/IMG-20220716-WA0025-1024x682.jpg 1024w, https:\/\/www.elpolitologoyelpolitico.com.ar\/wp-content\/uploads\/2022\/07\/IMG-20220716-WA0025-300x200.jpg 300w, https:\/\/www.elpolitologoyelpolitico.com.ar\/wp-content\/uploads\/2022\/07\/IMG-20220716-WA0025-768x512.jpg 768w, https:\/\/www.elpolitologoyelpolitico.com.ar\/wp-content\/uploads\/2022\/07\/IMG-20220716-WA0025.jpg 1280w\" sizes=\"(max-width: 1024px) 100vw, 1024px\" \/><\/figure>\n<div class=\"fb-background-color\">\n\t\t\t  <div \n\t\t\t  \tclass = \"fb-comments\" \n\t\t\t  \tdata-href = \"https:\/\/www.elpolitologoyelpolitico.com.ar\/wordpress\/2022\/07\/17\/viedma-la-ciudad-con-mas-inversion-en-obras-de-agua-y-saneamiento\/\"\n\t\t\t  \tdata-numposts = \"10\"\n\t\t\t  \tdata-lazy = \"true\"\n\t\t\t\tdata-colorscheme = \"light\"\n\t\t\t\tdata-order-by = \"social\"\n\t\t\t\tdata-mobile=true>\n\t\t\t  <\/div><\/div>\n\t\t  <style>\n\t\t    .fb-background-color {\n\t\t\t\tbackground: #ffffff !important;\n\t\t\t}\n\t\t\t.fb_iframe_widget_fluid_desktop iframe {\n\t\t\t    width: 100% !important;\n\t\t\t}\n\t\t  <\/style>\n\t\t  ","protected":false},"excerpt":{"rendered":"<p>El Departamento Provincial de Aguas realiza dos grandes obras, fundamentales para el crecimiento y desarrollo de Viedma. En total, la inversi\u00f3n destinada a mejorar los servicios de cloacas y agua en la capital provincial es de $2.562.706.897. Actualmente, las obras del Plan Director de Desag\u00fces Cloacales, mediante financiamiento del Plan Castello, tienen un avance del [&hellip;]<\/p>\n","protected":false},"author":4,"featured_media":22383,"comment_status":"closed","ping_status":"closed","sticky":false,"template":"","format":"standard","meta":{"_joinchat":[],"footnotes":""},"categories":[4],"tags":[],"class_list":["post-22382","post","type-post","status-publish","format-standard","has-post-thumbnail","hentry","category-politicas-publicas"],"_links":{"self":[{"href":"https:\/\/www.elpolitologoyelpolitico.com.ar\/wordpress\/wp-json\/wp\/v2\/posts\/22382","targetHints":{"allow":["GET"]}}],"collection":[{"href":"https:\/\/www.elpolitologoyelpolitico.com.ar\/wordpress\/wp-json\/wp\/v2\/posts"}],"about":[{"href":"https:\/\/www.elpolitologoyelpolitico.com.ar\/wordpress\/wp-json\/wp\/v2\/types\/post"}],"author":[{"embeddable":true,"href":"https:\/\/www.elpolitologoyelpolitico.com.ar\/wordpress\/wp-json\/wp\/v2\/users\/4"}],"replies":[{"embeddable":true,"href":"https:\/\/www.elpolitologoyelpolitico.com.ar\/wordpress\/wp-json\/wp\/v2\/comments?post=22382"}],"version-history":[{"count":0,"href":"https:\/\/www.elpolitologoyelpolitico.com.ar\/wordpress\/wp-json\/wp\/v2\/posts\/22382\/revisions"}],"wp:featuredmedia":[{"embeddable":true,"href":"https:\/\/www.elpolitologoyelpolitico.com.ar\/wordpress\/wp-json\/wp\/v2\/media\/22383"}],"wp:attachment":[{"href":"https:\/\/www.elpolitologoyelpolitico.com.ar\/wordpress\/wp-json\/wp\/v2\/media?parent=22382"}],"wp:term":[{"taxonomy":"category","embeddable":true,"href":"https:\/\/www.elpolitologoyelpolitico.com.ar\/wordpress\/wp-json\/wp\/v2\/categories?post=22382"},{"taxonomy":"post_tag","embeddable":true,"href":"https:\/\/www.elpolitologoyelpolitico.com.ar\/wordpress\/wp-json\/wp\/v2\/tags?post=22382"}],"curies":[{"name":"wp","href":"https:\/\/api.w.org\/{rel}","templated":true}]}}