{"id":22369,"date":"2022-07-16T21:08:29","date_gmt":"2022-07-16T21:08:29","guid":{"rendered":"https:\/\/www.elpolitologoyelpolitico.com.ar\/wordpress\/?p=22369"},"modified":"2022-07-16T21:09:03","modified_gmt":"2022-07-16T21:09:03","slug":"por-cuestiones-climaticas-se-reprograman-las-actividades-deportivas-y-recreativas-de-vacaciones-de-invierno","status":"publish","type":"post","link":"https:\/\/www.elpolitologoyelpolitico.com.ar\/wordpress\/2022\/07\/16\/por-cuestiones-climaticas-se-reprograman-las-actividades-deportivas-y-recreativas-de-vacaciones-de-invierno\/","title":{"rendered":"Por cuestiones clim\u00e1ticas se reprograman las actividades deportivas y recreativas de Vacaciones de Invierno"},"content":{"rendered":"\n<p>Debido al mal clima, el gobierno de Viedma reprogramar\u00e1 las actividades deportivas y recreativas de Vacaciones de invierno para ni\u00f1os, adolescentes y adultos estipuladas este fin de semana en el Parque Ferreira.&nbsp;<\/p>\n\n\n\n<p>Las propuestas se llevar\u00e1n a cabo el pr\u00f3ximo fin de semana. El s\u00e1bado 23 de julio, en el horario de 14.30 a 17, habr\u00e1 actividades recreativas programadas para adultos mayores en el Polideportivo Angel Cayetano Arias, en el Anexo y en la cancha de arena lindante.<\/p>\n\n\n\n<p>Durante la jornada para adultos se llevar\u00e1n a cabo muchas actividades como newcom recreativo, juegos de mesa, baile masivo, tejo, tenis de mesa, para que los adultos tambi\u00e9n disfruten de estas vacaciones.<\/p>\n\n\n\n<p>El domingo 24 de julio, de 14.30 a 17, ser\u00e1 el turno de ni\u00f1os y adolescentes con una gran kermes en el Parque Jorge Ferreira, con inflables, Viedma sobre Ruedas, b\u00e1squet 3\u00d73, voley, handball y m\u00e1s juegos para los m\u00e1s chicos.<\/p>\n\n\n\n<p>Todas las actividades son organizadas y llevadas adelante a trav\u00e9s de la Subsecretar\u00eda de Deportes del Gobierno de Viedma.<\/p>\n<div class=\"fb-background-color\">\n\t\t\t  <div \n\t\t\t  \tclass = \"fb-comments\" \n\t\t\t  \tdata-href = \"https:\/\/www.elpolitologoyelpolitico.com.ar\/wordpress\/2022\/07\/16\/por-cuestiones-climaticas-se-reprograman-las-actividades-deportivas-y-recreativas-de-vacaciones-de-invierno\/\"\n\t\t\t  \tdata-numposts = \"10\"\n\t\t\t  \tdata-lazy = \"true\"\n\t\t\t\tdata-colorscheme = \"light\"\n\t\t\t\tdata-order-by = \"social\"\n\t\t\t\tdata-mobile=true>\n\t\t\t  <\/div><\/div>\n\t\t  <style>\n\t\t    .fb-background-color {\n\t\t\t\tbackground: #ffffff !important;\n\t\t\t}\n\t\t\t.fb_iframe_widget_fluid_desktop iframe {\n\t\t\t    width: 100% !important;\n\t\t\t}\n\t\t  <\/style>\n\t\t  ","protected":false},"excerpt":{"rendered":"<p>Debido al mal clima, el gobierno de Viedma reprogramar\u00e1 las actividades deportivas y recreativas de Vacaciones de invierno para ni\u00f1os, adolescentes y adultos estipuladas este fin de semana en el Parque Ferreira.&nbsp; Las propuestas se llevar\u00e1n a cabo el pr\u00f3ximo fin de semana. El s\u00e1bado 23 de julio, en el horario de 14.30 a 17, [&hellip;]<\/p>\n","protected":false},"author":4,"featured_media":22370,"comment_status":"closed","ping_status":"closed","sticky":false,"template":"","format":"standard","meta":{"_joinchat":[],"footnotes":""},"categories":[39],"tags":[],"class_list":["post-22369","post","type-post","status-publish","format-standard","has-post-thumbnail","hentry","category-en-esta-seccion"],"_links":{"self":[{"href":"https:\/\/www.elpolitologoyelpolitico.com.ar\/wordpress\/wp-json\/wp\/v2\/posts\/22369","targetHints":{"allow":["GET"]}}],"collection":[{"href":"https:\/\/www.elpolitologoyelpolitico.com.ar\/wordpress\/wp-json\/wp\/v2\/posts"}],"about":[{"href":"https:\/\/www.elpolitologoyelpolitico.com.ar\/wordpress\/wp-json\/wp\/v2\/types\/post"}],"author":[{"embeddable":true,"href":"https:\/\/www.elpolitologoyelpolitico.com.ar\/wordpress\/wp-json\/wp\/v2\/users\/4"}],"replies":[{"embeddable":true,"href":"https:\/\/www.elpolitologoyelpolitico.com.ar\/wordpress\/wp-json\/wp\/v2\/comments?post=22369"}],"version-history":[{"count":0,"href":"https:\/\/www.elpolitologoyelpolitico.com.ar\/wordpress\/wp-json\/wp\/v2\/posts\/22369\/revisions"}],"wp:featuredmedia":[{"embeddable":true,"href":"https:\/\/www.elpolitologoyelpolitico.com.ar\/wordpress\/wp-json\/wp\/v2\/media\/22370"}],"wp:attachment":[{"href":"https:\/\/www.elpolitologoyelpolitico.com.ar\/wordpress\/wp-json\/wp\/v2\/media?parent=22369"}],"wp:term":[{"taxonomy":"category","embeddable":true,"href":"https:\/\/www.elpolitologoyelpolitico.com.ar\/wordpress\/wp-json\/wp\/v2\/categories?post=22369"},{"taxonomy":"post_tag","embeddable":true,"href":"https:\/\/www.elpolitologoyelpolitico.com.ar\/wordpress\/wp-json\/wp\/v2\/tags?post=22369"}],"curies":[{"name":"wp","href":"https:\/\/api.w.org\/{rel}","templated":true}]}}