{"id":22355,"date":"2022-07-16T14:45:59","date_gmt":"2022-07-16T14:45:59","guid":{"rendered":"https:\/\/www.elpolitologoyelpolitico.com.ar\/wordpress\/?p=22355"},"modified":"2022-07-16T14:47:05","modified_gmt":"2022-07-16T14:47:05","slug":"se-licito-la-obra-de-ampliacion-de-la-sala-de-espera-del-hospital-dr-luis-urizar-de-stroeder","status":"publish","type":"post","link":"https:\/\/www.elpolitologoyelpolitico.com.ar\/wordpress\/2022\/07\/16\/se-licito-la-obra-de-ampliacion-de-la-sala-de-espera-del-hospital-dr-luis-urizar-de-stroeder\/","title":{"rendered":"Se licit\u00f3 la obra de ampliaci\u00f3n de la sala de espera del hospital \u00abDr. Luis Urizar\u00bb, de Stroeder"},"content":{"rendered":"\n<p>Esta ma\u00f1ana, el Intendente Municipal, Ing. Jos\u00e9 Luis Zara, presidi\u00f3 en su despacho el acto licitatorio&nbsp; de la obra de ampliaci\u00f3n de la sala de espera del hospital \u00abDr. Luis Urizar\u00bb, de la localidad de Stroeder.&nbsp;<\/p>\n\n\n\n<p>Estuvo acompa\u00f1ado por el Jefe de Gabinete, Fabio Bettinelli, el Secretario de Obras P\u00fablicas, Jorge Isaac, el delegado municipal, Emiliano L\u00f3pez, el Director del mencionado hospital, Ramiro Estrade, entre otros funcionarios municipales.\u00a0<\/p>\n\n\n\n<figure class=\"wp-block-image size-full\"><img fetchpriority=\"high\" decoding=\"async\" width=\"720\" height=\"540\" src=\"https:\/\/www.elpolitologoyelpolitico.com.ar\/wp-content\/uploads\/2022\/07\/IMG-20220716-WA0001.jpg\" alt=\"\" class=\"wp-image-22357\" srcset=\"https:\/\/www.elpolitologoyelpolitico.com.ar\/wp-content\/uploads\/2022\/07\/IMG-20220716-WA0001.jpg 720w, https:\/\/www.elpolitologoyelpolitico.com.ar\/wp-content\/uploads\/2022\/07\/IMG-20220716-WA0001-300x225.jpg 300w\" sizes=\"(max-width: 720px) 100vw, 720px\" \/><\/figure>\n\n\n\n<p>\u00abSe han presentado varias empresas, es una obra de ampliaci\u00f3n de la sala de espera, con un presupuesto de casi siete millones quinientos mil pesos, donde tambi\u00e9n hemos incluido ba\u00f1os para personas con discapacidad y para quienes asisten a la sala de espera, es una refuncionalizaci\u00f3n que le vamos a dar al hospital, en respuesta a un pedido que ven\u00eda desde hace tiempo y que mejora la prestaci\u00f3n del servicio\u00bb, destac\u00f3 el Intendente Zara, previo a la apertura de sobres con las ofertas.&nbsp;<\/p>\n\n\n\n<p>La obra es financiada a trav\u00e9s del Fondo de Infraestructura Municipal -FIM 2022-.<\/p>\n\n\n\n<figure class=\"wp-block-image size-full\"><img decoding=\"async\" width=\"720\" height=\"540\" src=\"https:\/\/www.elpolitologoyelpolitico.com.ar\/wp-content\/uploads\/2022\/07\/IMG-20220716-WA0003.jpg\" alt=\"\" class=\"wp-image-22358\" srcset=\"https:\/\/www.elpolitologoyelpolitico.com.ar\/wp-content\/uploads\/2022\/07\/IMG-20220716-WA0003.jpg 720w, https:\/\/www.elpolitologoyelpolitico.com.ar\/wp-content\/uploads\/2022\/07\/IMG-20220716-WA0003-300x225.jpg 300w\" sizes=\"(max-width: 720px) 100vw, 720px\" \/><\/figure>\n<div class=\"fb-background-color\">\n\t\t\t  <div \n\t\t\t  \tclass = \"fb-comments\" \n\t\t\t  \tdata-href = \"https:\/\/www.elpolitologoyelpolitico.com.ar\/wordpress\/2022\/07\/16\/se-licito-la-obra-de-ampliacion-de-la-sala-de-espera-del-hospital-dr-luis-urizar-de-stroeder\/\"\n\t\t\t  \tdata-numposts = \"10\"\n\t\t\t  \tdata-lazy = \"true\"\n\t\t\t\tdata-colorscheme = \"light\"\n\t\t\t\tdata-order-by = \"social\"\n\t\t\t\tdata-mobile=true>\n\t\t\t  <\/div><\/div>\n\t\t  <style>\n\t\t    .fb-background-color {\n\t\t\t\tbackground: #ffffff !important;\n\t\t\t}\n\t\t\t.fb_iframe_widget_fluid_desktop iframe {\n\t\t\t    width: 100% !important;\n\t\t\t}\n\t\t  <\/style>\n\t\t  ","protected":false},"excerpt":{"rendered":"<p>Esta ma\u00f1ana, el Intendente Municipal, Ing. Jos\u00e9 Luis Zara, presidi\u00f3 en su despacho el acto licitatorio&nbsp; de la obra de ampliaci\u00f3n de la sala de espera del hospital \u00abDr. Luis Urizar\u00bb, de la localidad de Stroeder.&nbsp; Estuvo acompa\u00f1ado por el Jefe de Gabinete, Fabio Bettinelli, el Secretario de Obras P\u00fablicas, Jorge Isaac, el delegado municipal, [&hellip;]<\/p>\n","protected":false},"author":4,"featured_media":22356,"comment_status":"closed","ping_status":"closed","sticky":false,"template":"","format":"standard","meta":{"_joinchat":[],"footnotes":""},"categories":[4],"tags":[],"class_list":["post-22355","post","type-post","status-publish","format-standard","has-post-thumbnail","hentry","category-politicas-publicas"],"_links":{"self":[{"href":"https:\/\/www.elpolitologoyelpolitico.com.ar\/wordpress\/wp-json\/wp\/v2\/posts\/22355","targetHints":{"allow":["GET"]}}],"collection":[{"href":"https:\/\/www.elpolitologoyelpolitico.com.ar\/wordpress\/wp-json\/wp\/v2\/posts"}],"about":[{"href":"https:\/\/www.elpolitologoyelpolitico.com.ar\/wordpress\/wp-json\/wp\/v2\/types\/post"}],"author":[{"embeddable":true,"href":"https:\/\/www.elpolitologoyelpolitico.com.ar\/wordpress\/wp-json\/wp\/v2\/users\/4"}],"replies":[{"embeddable":true,"href":"https:\/\/www.elpolitologoyelpolitico.com.ar\/wordpress\/wp-json\/wp\/v2\/comments?post=22355"}],"version-history":[{"count":0,"href":"https:\/\/www.elpolitologoyelpolitico.com.ar\/wordpress\/wp-json\/wp\/v2\/posts\/22355\/revisions"}],"wp:featuredmedia":[{"embeddable":true,"href":"https:\/\/www.elpolitologoyelpolitico.com.ar\/wordpress\/wp-json\/wp\/v2\/media\/22356"}],"wp:attachment":[{"href":"https:\/\/www.elpolitologoyelpolitico.com.ar\/wordpress\/wp-json\/wp\/v2\/media?parent=22355"}],"wp:term":[{"taxonomy":"category","embeddable":true,"href":"https:\/\/www.elpolitologoyelpolitico.com.ar\/wordpress\/wp-json\/wp\/v2\/categories?post=22355"},{"taxonomy":"post_tag","embeddable":true,"href":"https:\/\/www.elpolitologoyelpolitico.com.ar\/wordpress\/wp-json\/wp\/v2\/tags?post=22355"}],"curies":[{"name":"wp","href":"https:\/\/api.w.org\/{rel}","templated":true}]}}