{"id":22341,"date":"2022-07-15T16:21:32","date_gmt":"2022-07-15T16:21:32","guid":{"rendered":"https:\/\/www.elpolitologoyelpolitico.com.ar\/wordpress\/?p=22341"},"modified":"2022-07-15T16:22:01","modified_gmt":"2022-07-15T16:22:01","slug":"comenzaron-las-inscripciones-para-el-subsidio-del-gas-y-la-luz","status":"publish","type":"post","link":"https:\/\/www.elpolitologoyelpolitico.com.ar\/wordpress\/2022\/07\/15\/comenzaron-las-inscripciones-para-el-subsidio-del-gas-y-la-luz\/","title":{"rendered":"Comenzaron las inscripciones para el subsidio del gas y la luz"},"content":{"rendered":"\n<p>El Gobierno activ\u00f3 la declaraci\u00f3n jurada online para que los usuarios puedan obtener el subsidio para las tarifas del gas y la luz.<\/p>\n\n\n\n<p>Las personas que no puedan completar la inscripci\u00f3n online, pueden presentarse de manera presencial en ANSES o en las Oficinas de las empresas prestadoras de Gas y Luz en su Ciudad.&nbsp;<\/p>\n\n\n\n<p>El Gobierno activ\u00f3 en la p\u00e1gina <a href=\"http:\/\/www.argentina.gob.ar\/subsidios\">www.argentina.gob.ar\/subsidios<\/a> y la aplicaci\u00f3n Mi Argentina, el formulario para la inscripci\u00f3n de usuarios y usuarios de cara a la segmentaci\u00f3n de las tarifas, que comenzar\u00e1 a regir a partir del 1 de agosto.<\/p>\n\n\n\n<p>Las personas mayores de 18 a\u00f1os pueden solicitarlo (sean titular o no, propietarios, inquilinos\/as y residentes del domicilio del\/los servicios).<\/p>\n\n\n\n<p>Para completar la solicitud hay que tener en mano el&nbsp; DNI, CUIL de cada integrante de la familia mayores de 18 a\u00f1os, cuanto gana cada integrante, correo electr\u00f3nico y la boleta de energ\u00eda el\u00e9ctrica y\/o gas natural por red.<\/p>\n\n\n\n<p><strong>Desde este viernes 15 hasta el martes 19 de este mes se podr\u00e1n inscribir aquellos usuarios cuyo documento finalicen en en 0, 1 y 2, mientras que desde el mi\u00e9rcoles 20 al viernes 22 de julio podr\u00e1n hacerlo quienes tengan documentos terminados en 3, 4 y 5. En tanto quienes cuenten con DNI finalizados en 6, 7 ,8 y 9 podr\u00e1n inscribirse a partir del s\u00e1bado 23 y hasta el martes 26 de este mes.<\/strong><\/p>\n\n\n\n<p>En la p\u00e1gina principal, se ingresa haciendo clic en \u201cCompletar el Formulario\u201d. Antes de continuar, conviene tener a mano el n\u00famero de servicio o suministro de los servicios para los que se busca solicitar el subsidio del Estado Nacional.<\/p>\n<div class=\"fb-background-color\">\n\t\t\t  <div \n\t\t\t  \tclass = \"fb-comments\" \n\t\t\t  \tdata-href = \"https:\/\/www.elpolitologoyelpolitico.com.ar\/wordpress\/2022\/07\/15\/comenzaron-las-inscripciones-para-el-subsidio-del-gas-y-la-luz\/\"\n\t\t\t  \tdata-numposts = \"10\"\n\t\t\t  \tdata-lazy = \"true\"\n\t\t\t\tdata-colorscheme = \"light\"\n\t\t\t\tdata-order-by = \"social\"\n\t\t\t\tdata-mobile=true>\n\t\t\t  <\/div><\/div>\n\t\t  <style>\n\t\t    .fb-background-color {\n\t\t\t\tbackground: #ffffff !important;\n\t\t\t}\n\t\t\t.fb_iframe_widget_fluid_desktop iframe {\n\t\t\t    width: 100% !important;\n\t\t\t}\n\t\t  <\/style>\n\t\t  ","protected":false},"excerpt":{"rendered":"<p>El Gobierno activ\u00f3 la declaraci\u00f3n jurada online para que los usuarios puedan obtener el subsidio para las tarifas del gas y la luz. Las personas que no puedan completar la inscripci\u00f3n online, pueden presentarse de manera presencial en ANSES o en las Oficinas de las empresas prestadoras de Gas y Luz en su Ciudad.&nbsp; El [&hellip;]<\/p>\n","protected":false},"author":4,"featured_media":22342,"comment_status":"closed","ping_status":"closed","sticky":false,"template":"","format":"standard","meta":{"_joinchat":[],"footnotes":""},"categories":[39],"tags":[],"class_list":["post-22341","post","type-post","status-publish","format-standard","has-post-thumbnail","hentry","category-en-esta-seccion"],"_links":{"self":[{"href":"https:\/\/www.elpolitologoyelpolitico.com.ar\/wordpress\/wp-json\/wp\/v2\/posts\/22341","targetHints":{"allow":["GET"]}}],"collection":[{"href":"https:\/\/www.elpolitologoyelpolitico.com.ar\/wordpress\/wp-json\/wp\/v2\/posts"}],"about":[{"href":"https:\/\/www.elpolitologoyelpolitico.com.ar\/wordpress\/wp-json\/wp\/v2\/types\/post"}],"author":[{"embeddable":true,"href":"https:\/\/www.elpolitologoyelpolitico.com.ar\/wordpress\/wp-json\/wp\/v2\/users\/4"}],"replies":[{"embeddable":true,"href":"https:\/\/www.elpolitologoyelpolitico.com.ar\/wordpress\/wp-json\/wp\/v2\/comments?post=22341"}],"version-history":[{"count":0,"href":"https:\/\/www.elpolitologoyelpolitico.com.ar\/wordpress\/wp-json\/wp\/v2\/posts\/22341\/revisions"}],"wp:featuredmedia":[{"embeddable":true,"href":"https:\/\/www.elpolitologoyelpolitico.com.ar\/wordpress\/wp-json\/wp\/v2\/media\/22342"}],"wp:attachment":[{"href":"https:\/\/www.elpolitologoyelpolitico.com.ar\/wordpress\/wp-json\/wp\/v2\/media?parent=22341"}],"wp:term":[{"taxonomy":"category","embeddable":true,"href":"https:\/\/www.elpolitologoyelpolitico.com.ar\/wordpress\/wp-json\/wp\/v2\/categories?post=22341"},{"taxonomy":"post_tag","embeddable":true,"href":"https:\/\/www.elpolitologoyelpolitico.com.ar\/wordpress\/wp-json\/wp\/v2\/tags?post=22341"}],"curies":[{"name":"wp","href":"https:\/\/api.w.org\/{rel}","templated":true}]}}