{"id":22335,"date":"2022-07-15T00:38:37","date_gmt":"2022-07-15T00:38:37","guid":{"rendered":"https:\/\/www.elpolitologoyelpolitico.com.ar\/wordpress\/?p=22335"},"modified":"2022-07-15T00:39:36","modified_gmt":"2022-07-15T00:39:36","slug":"emprender-mas-de-2000-viedmenses-participan-de-los-talleres-laborales","status":"publish","type":"post","link":"https:\/\/www.elpolitologoyelpolitico.com.ar\/wordpress\/2022\/07\/15\/emprender-mas-de-2000-viedmenses-participan-de-los-talleres-laborales\/","title":{"rendered":"Emprender: m\u00e1s de 2000 viedmenses participan de los talleres laborales"},"content":{"rendered":"\n<p>Los vecinos y las vecinas de la capital rionegrina ya est\u00e1n participando de las capacitaciones laborales que ofrecen un amplio abanico de posibilidades para capacitarse, de manera gratuita y a trav\u00e9s de 86 talleres de oficio, de manera gratuita y para todas las edades, del programa Emprender.<\/p>\n\n\n\n<p>Los talleres se dictan de manera gratuita mediante un trabajo articulado entre el Ministerio de Desarrollo Humano y las organizaciones e instituciones locales.<\/p>\n\n\n\n<p>Los mismos se seleccionaron de acuerdo a la demanda de cada instituci\u00f3n, para contribuir al desarrollo local y alentar nuevos emprendimientos.<\/p>\n\n\n\n<p>Entre las diversas propuestas, que ya se encuentran en marcha, se destacan las capacitaciones en refrigeraci\u00f3n y soldadura; electricidad; carpinter\u00eda; reparaci\u00f3n de aires acondicionados; de motocicletas; elaboraci\u00f3n de golosinas y chocolater\u00eda; mozos y mozas; conservas, entre otros.<\/p>\n\n\n\n<p>\u201cMe acerqu\u00e9 porque es una posibilidad de salida laboral. Siempre digo que el sol sale para todos, por ese motivo me anot\u00e9 en el taller, para poder tener un trabajo\u00bb, destac\u00f3 Ivon Ralinqueo, alumna de golosinas y chocolater\u00eda.<\/p>\n\n\n\n<p>Al respecto de las oportunidades que brindan los talleres laborales, Celeste Gonz\u00e1lez, tallerista, indic\u00f3: \u201cEst\u00e1 bueno ense\u00f1ar lo que una sabe, y es lindo saber que ellos pueden aprovechar esta oportunidad que se les brinda para poder tener una salida laboral\u00bb.<\/p>\n\n\n\n<p>Las actividades cuentan con certificaci\u00f3n oficial, tienen una duraci\u00f3n de tres meses y permiten adquirir nuevos conocimientos, potenciar sus habilidades y promover la inserci\u00f3n laboral.<\/p>\n\n\n\n<figure class=\"wp-block-image size-large\"><img fetchpriority=\"high\" decoding=\"async\" width=\"1024\" height=\"683\" src=\"https:\/\/www.elpolitologoyelpolitico.com.ar\/wp-content\/uploads\/2022\/07\/IMG-20220714-WA0055-1024x683.jpg\" alt=\"\" class=\"wp-image-22337\" srcset=\"https:\/\/www.elpolitologoyelpolitico.com.ar\/wp-content\/uploads\/2022\/07\/IMG-20220714-WA0055-1024x683.jpg 1024w, https:\/\/www.elpolitologoyelpolitico.com.ar\/wp-content\/uploads\/2022\/07\/IMG-20220714-WA0055-300x200.jpg 300w, https:\/\/www.elpolitologoyelpolitico.com.ar\/wp-content\/uploads\/2022\/07\/IMG-20220714-WA0055-768x512.jpg 768w, https:\/\/www.elpolitologoyelpolitico.com.ar\/wp-content\/uploads\/2022\/07\/IMG-20220714-WA0055.jpg 1468w\" sizes=\"(max-width: 1024px) 100vw, 1024px\" \/><\/figure>\n<div class=\"fb-background-color\">\n\t\t\t  <div \n\t\t\t  \tclass = \"fb-comments\" \n\t\t\t  \tdata-href = \"https:\/\/www.elpolitologoyelpolitico.com.ar\/wordpress\/2022\/07\/15\/emprender-mas-de-2000-viedmenses-participan-de-los-talleres-laborales\/\"\n\t\t\t  \tdata-numposts = \"10\"\n\t\t\t  \tdata-lazy = \"true\"\n\t\t\t\tdata-colorscheme = \"light\"\n\t\t\t\tdata-order-by = \"social\"\n\t\t\t\tdata-mobile=true>\n\t\t\t  <\/div><\/div>\n\t\t  <style>\n\t\t    .fb-background-color {\n\t\t\t\tbackground: #ffffff !important;\n\t\t\t}\n\t\t\t.fb_iframe_widget_fluid_desktop iframe {\n\t\t\t    width: 100% !important;\n\t\t\t}\n\t\t  <\/style>\n\t\t  ","protected":false},"excerpt":{"rendered":"<p>Los vecinos y las vecinas de la capital rionegrina ya est\u00e1n participando de las capacitaciones laborales que ofrecen un amplio abanico de posibilidades para capacitarse, de manera gratuita y a trav\u00e9s de 86 talleres de oficio, de manera gratuita y para todas las edades, del programa Emprender. Los talleres se dictan de manera gratuita mediante [&hellip;]<\/p>\n","protected":false},"author":4,"featured_media":22336,"comment_status":"closed","ping_status":"closed","sticky":false,"template":"","format":"standard","meta":{"_joinchat":[],"footnotes":""},"categories":[39],"tags":[],"class_list":["post-22335","post","type-post","status-publish","format-standard","has-post-thumbnail","hentry","category-en-esta-seccion"],"_links":{"self":[{"href":"https:\/\/www.elpolitologoyelpolitico.com.ar\/wordpress\/wp-json\/wp\/v2\/posts\/22335","targetHints":{"allow":["GET"]}}],"collection":[{"href":"https:\/\/www.elpolitologoyelpolitico.com.ar\/wordpress\/wp-json\/wp\/v2\/posts"}],"about":[{"href":"https:\/\/www.elpolitologoyelpolitico.com.ar\/wordpress\/wp-json\/wp\/v2\/types\/post"}],"author":[{"embeddable":true,"href":"https:\/\/www.elpolitologoyelpolitico.com.ar\/wordpress\/wp-json\/wp\/v2\/users\/4"}],"replies":[{"embeddable":true,"href":"https:\/\/www.elpolitologoyelpolitico.com.ar\/wordpress\/wp-json\/wp\/v2\/comments?post=22335"}],"version-history":[{"count":0,"href":"https:\/\/www.elpolitologoyelpolitico.com.ar\/wordpress\/wp-json\/wp\/v2\/posts\/22335\/revisions"}],"wp:featuredmedia":[{"embeddable":true,"href":"https:\/\/www.elpolitologoyelpolitico.com.ar\/wordpress\/wp-json\/wp\/v2\/media\/22336"}],"wp:attachment":[{"href":"https:\/\/www.elpolitologoyelpolitico.com.ar\/wordpress\/wp-json\/wp\/v2\/media?parent=22335"}],"wp:term":[{"taxonomy":"category","embeddable":true,"href":"https:\/\/www.elpolitologoyelpolitico.com.ar\/wordpress\/wp-json\/wp\/v2\/categories?post=22335"},{"taxonomy":"post_tag","embeddable":true,"href":"https:\/\/www.elpolitologoyelpolitico.com.ar\/wordpress\/wp-json\/wp\/v2\/tags?post=22335"}],"curies":[{"name":"wp","href":"https:\/\/api.w.org\/{rel}","templated":true}]}}