{"id":22323,"date":"2022-07-14T18:53:13","date_gmt":"2022-07-14T18:53:13","guid":{"rendered":"https:\/\/www.elpolitologoyelpolitico.com.ar\/wordpress\/?p=22323"},"modified":"2022-07-14T19:25:48","modified_gmt":"2022-07-14T19:25:48","slug":"llega-al-cultural-la-obra-de-teatro-la-pipa-de-la-paz-con-betina-blum-y-sergio-surraco","status":"publish","type":"post","link":"https:\/\/www.elpolitologoyelpolitico.com.ar\/wordpress\/2022\/07\/14\/llega-al-cultural-la-obra-de-teatro-la-pipa-de-la-paz-con-betina-blum-y-sergio-surraco\/","title":{"rendered":"Llega al Cultural la Obra de teatro \u201cLa Pipa de la Paz\u201d con Betina Blum y Sergio Surraco"},"content":{"rendered":"\n<p>Este domingo 17 de julio, desde las 20, en el Centro Municipal de Cultura llega la obra de teatro \u201cLa pipa de la paz\u201d, protagonizada por Betiana Blum y Sergio Surraco en una divertida y emotiva comedia.<\/p>\n\n\n\n<p>Las entradas est\u00e1n a la venta a trav\u00e9s de la p\u00e1gina web www.entradauno.com y en Compumusica (Gallardo 180) a $2.500.<\/p>\n\n\n\n<p>Esta obra de teatro cuyo libro es de la dramaturga argentina Alicia Mu\u00f1oz, es una obra de gran nivel narrativo y dram\u00e1tico donde se desnuda el alma de cada uno de estos seres tan reales, tan de hoy, tan caracter\u00edsticos, que irradian humor, ternura, artes de manipulaci\u00f3n y diversas formas de amar.<\/p>\n\n\n\n<p>Felisa (Betiana Blum), es una adulta mayor que vive en soledad, en la antigua casa que comparti\u00f3 con Vicente, su esposo, fallecido hace seis a\u00f1os. Su \u00fanica compa\u00f1\u00eda son las cenizas que conserva en una especie de altar pagano y con las que dialoga constantemente. Est\u00e1 enemistada con Marina y Griselda, sus dos hijas mujeres, y mantiene contacto telef\u00f3nico con Dani (Sergio Surraco), el \u00fanico v\u00e1stago var\u00f3n que, tal vez por sensibilidad o culpa, atiende sus demandas y escucha sus quejas.<\/p>\n\n\n\n<p>El problema es que \u00e9l vive en Nueva York, donde trabaja para las Naciones Unidas, como mediador de un conflicto b\u00e9lico en \u00c1frica y form\u00f3 su propia familia al casarse con Carol.<\/p>\n\n\n\n<p>El conflicto estallar\u00e1 cuando la madre, llamada telef\u00f3nica mediante, le transmita preocupaci\u00f3n y logre que \u00e9l, de manera inmediata, regrese a Buenos Aires, creyendo que la se\u00f1ora tiene alguna enfermedad seria y requiere atenci\u00f3n especial. El esmero de ese muchacho por recomponer el v\u00ednculo familiar con sus hermanas pondr\u00e1 en juego su paciencia y tolerancia porque como dice la protagonista: \u201cA un perro viejo no se le cambia la cucha.<\/p>\n<div class=\"fb-background-color\">\n\t\t\t  <div \n\t\t\t  \tclass = \"fb-comments\" \n\t\t\t  \tdata-href = \"https:\/\/www.elpolitologoyelpolitico.com.ar\/wordpress\/2022\/07\/14\/llega-al-cultural-la-obra-de-teatro-la-pipa-de-la-paz-con-betina-blum-y-sergio-surraco\/\"\n\t\t\t  \tdata-numposts = \"10\"\n\t\t\t  \tdata-lazy = \"true\"\n\t\t\t\tdata-colorscheme = \"light\"\n\t\t\t\tdata-order-by = \"social\"\n\t\t\t\tdata-mobile=true>\n\t\t\t  <\/div><\/div>\n\t\t  <style>\n\t\t    .fb-background-color {\n\t\t\t\tbackground: #ffffff !important;\n\t\t\t}\n\t\t\t.fb_iframe_widget_fluid_desktop iframe {\n\t\t\t    width: 100% !important;\n\t\t\t}\n\t\t  <\/style>\n\t\t  ","protected":false},"excerpt":{"rendered":"<p>Este domingo 17 de julio, desde las 20, en el Centro Municipal de Cultura llega la obra de teatro \u201cLa pipa de la paz\u201d, protagonizada por Betiana Blum y Sergio Surraco en una divertida y emotiva comedia. Las entradas est\u00e1n a la venta a trav\u00e9s de la p\u00e1gina web www.entradauno.com y en Compumusica (Gallardo 180) [&hellip;]<\/p>\n","protected":false},"author":4,"featured_media":22324,"comment_status":"closed","ping_status":"closed","sticky":false,"template":"","format":"standard","meta":{"_joinchat":[],"footnotes":""},"categories":[39],"tags":[],"class_list":["post-22323","post","type-post","status-publish","format-standard","has-post-thumbnail","hentry","category-en-esta-seccion"],"_links":{"self":[{"href":"https:\/\/www.elpolitologoyelpolitico.com.ar\/wordpress\/wp-json\/wp\/v2\/posts\/22323","targetHints":{"allow":["GET"]}}],"collection":[{"href":"https:\/\/www.elpolitologoyelpolitico.com.ar\/wordpress\/wp-json\/wp\/v2\/posts"}],"about":[{"href":"https:\/\/www.elpolitologoyelpolitico.com.ar\/wordpress\/wp-json\/wp\/v2\/types\/post"}],"author":[{"embeddable":true,"href":"https:\/\/www.elpolitologoyelpolitico.com.ar\/wordpress\/wp-json\/wp\/v2\/users\/4"}],"replies":[{"embeddable":true,"href":"https:\/\/www.elpolitologoyelpolitico.com.ar\/wordpress\/wp-json\/wp\/v2\/comments?post=22323"}],"version-history":[{"count":0,"href":"https:\/\/www.elpolitologoyelpolitico.com.ar\/wordpress\/wp-json\/wp\/v2\/posts\/22323\/revisions"}],"wp:featuredmedia":[{"embeddable":true,"href":"https:\/\/www.elpolitologoyelpolitico.com.ar\/wordpress\/wp-json\/wp\/v2\/media\/22324"}],"wp:attachment":[{"href":"https:\/\/www.elpolitologoyelpolitico.com.ar\/wordpress\/wp-json\/wp\/v2\/media?parent=22323"}],"wp:term":[{"taxonomy":"category","embeddable":true,"href":"https:\/\/www.elpolitologoyelpolitico.com.ar\/wordpress\/wp-json\/wp\/v2\/categories?post=22323"},{"taxonomy":"post_tag","embeddable":true,"href":"https:\/\/www.elpolitologoyelpolitico.com.ar\/wordpress\/wp-json\/wp\/v2\/tags?post=22323"}],"curies":[{"name":"wp","href":"https:\/\/api.w.org\/{rel}","templated":true}]}}