{"id":22312,"date":"2022-07-14T13:36:15","date_gmt":"2022-07-14T13:36:15","guid":{"rendered":"https:\/\/www.elpolitologoyelpolitico.com.ar\/wordpress\/?p=22312"},"modified":"2022-07-14T13:36:42","modified_gmt":"2022-07-14T13:36:42","slug":"reconversion-luminica-en-la-calle-thorne-de-carmen-de-patagones","status":"publish","type":"post","link":"https:\/\/www.elpolitologoyelpolitico.com.ar\/wordpress\/2022\/07\/14\/reconversion-luminica-en-la-calle-thorne-de-carmen-de-patagones\/","title":{"rendered":"Reconversi\u00f3n lum\u00ednica en la calle Thorne, de Carmen de Patagones"},"content":{"rendered":"\n<p>La Direcci\u00f3n de Alumbrado trabaj\u00f3 en la reconversi\u00f3n lum\u00ednica de de nuevos sectores, en Carmen de Patagones.&nbsp;<\/p>\n\n\n\n<p>En esta ocasi\u00f3n se realiz\u00f3 el recambio de luminarias en la calle Thorne.<\/p>\n\n\n\n<p>En este sector se colocaron l\u00e1mparas de 55 watt y paneles de LED de 100 watt.<\/p>\n\n\n\n<p>Los nuevos artefactos permiten reducir notablemente el gasto de energ\u00eda el\u00e9ctrica y ofrecen una \u00f3ptima iluminaci\u00f3n, brindando una mejor calidad de vida y mayor seguridad a las familias del sector.<\/p>\n\n\n\n<figure class=\"wp-block-image size-full\"><img fetchpriority=\"high\" decoding=\"async\" width=\"720\" height=\"960\" src=\"https:\/\/www.elpolitologoyelpolitico.com.ar\/wp-content\/uploads\/2022\/07\/IMG-20220714-WA0003.jpg\" alt=\"\" class=\"wp-image-22314\" srcset=\"https:\/\/www.elpolitologoyelpolitico.com.ar\/wp-content\/uploads\/2022\/07\/IMG-20220714-WA0003.jpg 720w, https:\/\/www.elpolitologoyelpolitico.com.ar\/wp-content\/uploads\/2022\/07\/IMG-20220714-WA0003-225x300.jpg 225w\" sizes=\"(max-width: 720px) 100vw, 720px\" \/><\/figure>\n<div class=\"fb-background-color\">\n\t\t\t  <div \n\t\t\t  \tclass = \"fb-comments\" \n\t\t\t  \tdata-href = \"https:\/\/www.elpolitologoyelpolitico.com.ar\/wordpress\/2022\/07\/14\/reconversion-luminica-en-la-calle-thorne-de-carmen-de-patagones\/\"\n\t\t\t  \tdata-numposts = \"10\"\n\t\t\t  \tdata-lazy = \"true\"\n\t\t\t\tdata-colorscheme = \"light\"\n\t\t\t\tdata-order-by = \"social\"\n\t\t\t\tdata-mobile=true>\n\t\t\t  <\/div><\/div>\n\t\t  <style>\n\t\t    .fb-background-color {\n\t\t\t\tbackground: #ffffff !important;\n\t\t\t}\n\t\t\t.fb_iframe_widget_fluid_desktop iframe {\n\t\t\t    width: 100% !important;\n\t\t\t}\n\t\t  <\/style>\n\t\t  ","protected":false},"excerpt":{"rendered":"<p>La Direcci\u00f3n de Alumbrado trabaj\u00f3 en la reconversi\u00f3n lum\u00ednica de de nuevos sectores, en Carmen de Patagones.&nbsp; En esta ocasi\u00f3n se realiz\u00f3 el recambio de luminarias en la calle Thorne. En este sector se colocaron l\u00e1mparas de 55 watt y paneles de LED de 100 watt. Los nuevos artefactos permiten reducir notablemente el gasto de [&hellip;]<\/p>\n","protected":false},"author":4,"featured_media":22313,"comment_status":"closed","ping_status":"closed","sticky":false,"template":"","format":"standard","meta":{"_joinchat":[],"footnotes":""},"categories":[4],"tags":[],"class_list":["post-22312","post","type-post","status-publish","format-standard","has-post-thumbnail","hentry","category-politicas-publicas"],"_links":{"self":[{"href":"https:\/\/www.elpolitologoyelpolitico.com.ar\/wordpress\/wp-json\/wp\/v2\/posts\/22312","targetHints":{"allow":["GET"]}}],"collection":[{"href":"https:\/\/www.elpolitologoyelpolitico.com.ar\/wordpress\/wp-json\/wp\/v2\/posts"}],"about":[{"href":"https:\/\/www.elpolitologoyelpolitico.com.ar\/wordpress\/wp-json\/wp\/v2\/types\/post"}],"author":[{"embeddable":true,"href":"https:\/\/www.elpolitologoyelpolitico.com.ar\/wordpress\/wp-json\/wp\/v2\/users\/4"}],"replies":[{"embeddable":true,"href":"https:\/\/www.elpolitologoyelpolitico.com.ar\/wordpress\/wp-json\/wp\/v2\/comments?post=22312"}],"version-history":[{"count":0,"href":"https:\/\/www.elpolitologoyelpolitico.com.ar\/wordpress\/wp-json\/wp\/v2\/posts\/22312\/revisions"}],"wp:featuredmedia":[{"embeddable":true,"href":"https:\/\/www.elpolitologoyelpolitico.com.ar\/wordpress\/wp-json\/wp\/v2\/media\/22313"}],"wp:attachment":[{"href":"https:\/\/www.elpolitologoyelpolitico.com.ar\/wordpress\/wp-json\/wp\/v2\/media?parent=22312"}],"wp:term":[{"taxonomy":"category","embeddable":true,"href":"https:\/\/www.elpolitologoyelpolitico.com.ar\/wordpress\/wp-json\/wp\/v2\/categories?post=22312"},{"taxonomy":"post_tag","embeddable":true,"href":"https:\/\/www.elpolitologoyelpolitico.com.ar\/wordpress\/wp-json\/wp\/v2\/tags?post=22312"}],"curies":[{"name":"wp","href":"https:\/\/api.w.org\/{rel}","templated":true}]}}