{"id":22308,"date":"2022-07-14T02:31:42","date_gmt":"2022-07-14T02:31:42","guid":{"rendered":"https:\/\/www.elpolitologoyelpolitico.com.ar\/wordpress\/?p=22308"},"modified":"2022-07-14T02:32:16","modified_gmt":"2022-07-14T02:32:16","slug":"abren-las-inscripciones-al-programa-de-asistencia-alimentaria-para-las-personas-celiacas","status":"publish","type":"post","link":"https:\/\/www.elpolitologoyelpolitico.com.ar\/wordpress\/2022\/07\/14\/abren-las-inscripciones-al-programa-de-asistencia-alimentaria-para-las-personas-celiacas\/","title":{"rendered":"Abren las inscripciones al Programa de Asistencia Alimentaria para las personas cel\u00edacas"},"content":{"rendered":"\n<p>La Secretar\u00eda de Desarrollo Social informa que abrir\u00e1 las&nbsp; inscripciones para el Programa de Asistencia Alimentaria al Paciente Cel\u00edaco -PAAC-.&nbsp;<\/p>\n\n\n\n<p>Las mismas se podr\u00e1n realizar entre el 18 y el 22 de julio, en las oficinas municipales ubicadas en la calle Bertorello y Roque Saenz Pe\u00f1a, en el horario de 09 a 12.&nbsp;<\/p>\n\n\n\n<p>En el Interior del Distrito, las personas pueden dirigirse a la delegaci\u00f3n correspondiente.&nbsp;<\/p>\n\n\n\n<p>REQUISITOS PARA LA INSCRIPCI\u00d3N:&nbsp;<\/p>\n\n\n\n<p>-El solicitante deber\u00e1 ser argentino o nativo por opci\u00f3n contando con un m\u00ednimo de dos a\u00f1os de residencia en la Provincia.<\/p>\n\n\n\n<p>-Constar los ingresos mensuales del grupo familiar con: Fotocopia de recibos de sueldo, pensi\u00f3n, jubilaci\u00f3n o cualquier programa social se perciba en el grupo familiar (ingresos familiares NO superiores al M\u00ednimo Vital y Movil)&nbsp;<\/p>\n\n\n\n<p>-Situaci\u00f3n sanitaria: otras patolog\u00edas generales del paciente o del grupo familiar.&nbsp;<\/p>\n\n\n\n<p>-Constancia de CUIL: En caso de ser menor, del padre, madre o tutor.<\/p>\n\n\n\n<p>&#8211; Fotocopia de documento: 1\u00aa y 2\u00aa, con domicilio actualizado. En caso de ser menor, acompa\u00f1ar las fotocopias del documento del padre, madre o tutor.<\/p>\n\n\n\n<p>-Certificado m\u00e9dico: Original y\/o fotocopia del resultado de la biopsia, el mismo deber\u00e1 ser emitido por un ente oficial.&nbsp;&nbsp;<\/p>\n\n\n\n<p>-Negativa de ANSES<\/p>\n\n\n\n<p>-Solicitar planilla m\u00e9dica (OFICIAL) en la Descentralizaci\u00f3n o Delegaci\u00f3n Municipal, seg\u00fan corresponda (Completarla en el Hospital P\u00fablico).<\/p>\n<div class=\"fb-background-color\">\n\t\t\t  <div \n\t\t\t  \tclass = \"fb-comments\" \n\t\t\t  \tdata-href = \"https:\/\/www.elpolitologoyelpolitico.com.ar\/wordpress\/2022\/07\/14\/abren-las-inscripciones-al-programa-de-asistencia-alimentaria-para-las-personas-celiacas\/\"\n\t\t\t  \tdata-numposts = \"10\"\n\t\t\t  \tdata-lazy = \"true\"\n\t\t\t\tdata-colorscheme = \"light\"\n\t\t\t\tdata-order-by = \"social\"\n\t\t\t\tdata-mobile=true>\n\t\t\t  <\/div><\/div>\n\t\t  <style>\n\t\t    .fb-background-color {\n\t\t\t\tbackground: #ffffff !important;\n\t\t\t}\n\t\t\t.fb_iframe_widget_fluid_desktop iframe {\n\t\t\t    width: 100% !important;\n\t\t\t}\n\t\t  <\/style>\n\t\t  ","protected":false},"excerpt":{"rendered":"<p>La Secretar\u00eda de Desarrollo Social informa que abrir\u00e1 las&nbsp; inscripciones para el Programa de Asistencia Alimentaria al Paciente Cel\u00edaco -PAAC-.&nbsp; Las mismas se podr\u00e1n realizar entre el 18 y el 22 de julio, en las oficinas municipales ubicadas en la calle Bertorello y Roque Saenz Pe\u00f1a, en el horario de 09 a 12.&nbsp; En el [&hellip;]<\/p>\n","protected":false},"author":4,"featured_media":22309,"comment_status":"closed","ping_status":"closed","sticky":false,"template":"","format":"standard","meta":{"_joinchat":[],"footnotes":""},"categories":[4],"tags":[],"class_list":["post-22308","post","type-post","status-publish","format-standard","has-post-thumbnail","hentry","category-politicas-publicas"],"_links":{"self":[{"href":"https:\/\/www.elpolitologoyelpolitico.com.ar\/wordpress\/wp-json\/wp\/v2\/posts\/22308","targetHints":{"allow":["GET"]}}],"collection":[{"href":"https:\/\/www.elpolitologoyelpolitico.com.ar\/wordpress\/wp-json\/wp\/v2\/posts"}],"about":[{"href":"https:\/\/www.elpolitologoyelpolitico.com.ar\/wordpress\/wp-json\/wp\/v2\/types\/post"}],"author":[{"embeddable":true,"href":"https:\/\/www.elpolitologoyelpolitico.com.ar\/wordpress\/wp-json\/wp\/v2\/users\/4"}],"replies":[{"embeddable":true,"href":"https:\/\/www.elpolitologoyelpolitico.com.ar\/wordpress\/wp-json\/wp\/v2\/comments?post=22308"}],"version-history":[{"count":0,"href":"https:\/\/www.elpolitologoyelpolitico.com.ar\/wordpress\/wp-json\/wp\/v2\/posts\/22308\/revisions"}],"wp:featuredmedia":[{"embeddable":true,"href":"https:\/\/www.elpolitologoyelpolitico.com.ar\/wordpress\/wp-json\/wp\/v2\/media\/22309"}],"wp:attachment":[{"href":"https:\/\/www.elpolitologoyelpolitico.com.ar\/wordpress\/wp-json\/wp\/v2\/media?parent=22308"}],"wp:term":[{"taxonomy":"category","embeddable":true,"href":"https:\/\/www.elpolitologoyelpolitico.com.ar\/wordpress\/wp-json\/wp\/v2\/categories?post=22308"},{"taxonomy":"post_tag","embeddable":true,"href":"https:\/\/www.elpolitologoyelpolitico.com.ar\/wordpress\/wp-json\/wp\/v2\/tags?post=22308"}],"curies":[{"name":"wp","href":"https:\/\/api.w.org\/{rel}","templated":true}]}}